{"id":1409,"date":"2021-12-20T19:24:55","date_gmt":"2021-12-20T19:24:55","guid":{"rendered":"https:\/\/blog.alquilereslg.com\/?p=1409"},"modified":"2021-12-20T19:35:12","modified_gmt":"2021-12-20T19:35:12","slug":"navidad-christmas-noel-weihnachten-kerstmis","status":"publish","type":"post","link":"https:\/\/blog.alquilereslg.com\/de\/navidad-christmas-noel-weihnachten-kerstmis\/","title":{"rendered":"Navidad, Christmas, Noel, Weihnachten, Kerstmis."},"content":{"rendered":"<h1><span style=\"color: #339966;\">Navidad, Christmas, Noel, Weihnachten, Kerstmis.<\/span><\/h1>\n<h2 style=\"text-align: center;\">Dezember ist Weihnachten.<\/h2>\n<p>Nun ja, der Dezember ist der Monat der Weihnachten, der guten W\u00fcnsche, S\u00fc\u00dfigkeiten, Illusionen &#8230; Und Calpe ist perfekt, um sich zu freuen, die Str\u00e4nde, die Sonne, die Meeresbrise im Gesicht, die Ber\u00fchrung des Sandes an den nackten F\u00fc\u00dfen &#8230;. Sommertr\u00e4ume &#8230;. Erinnerungen an Hitze und Urlaub.<\/p>\n<p>Deshalb m\u00f6chten wir, dass Sie unsere Website besuchen und sie durchsuchen, um Ihre perfekte Ferienwohnung f\u00fcr den Urlaub zu suchen und zu finden.<\/p>\n<p><a href=\"https:\/\/www.alquilereslg.com\/de\/vermietung\/zu-mieten-vermietungen-d0\/\">Alquileres LG<\/a><\/p>\n<p><a href=\"https:\/\/www.alquilereslg.com\/de\/vermietung\/zu-mieten-vermietungen-d0\/\">Wir helfen Ihnen gerne, die perfekte Wohnung f\u00fcr jeden unserer Kunden zu finden.<\/a><\/p>\n<p><a href=\"https:\/\/my.matterport.com\/show\/?m=dqDf81Ta7Th\">A29 Col\u00f3n<\/a> Eine unserer 3-Zimmer-Wohnungen mit Blick auf das Meer.<\/p>\n<p><a href=\"https:\/\/my.matterport.com\/show\/?m=SMuhyTCaAnQ\">A52 La luz II<\/a> 2-Zimmer-Wohnung, sch\u00f6n und sehr nah am Strand.<\/p>\n<p><del>Y para venir y disfrutar de nuestro clima, paisajes, rutas de senderismo, etc.. tambi\u00e9n Calpe ofrece una Fira de Nadal a partir del 6 hasta el 8 de Diciembre 2019.<\/del><\/p>\n<p><img loading=\"lazy\" class=\"alignnone size-full wp-image-168\" src=\"https:\/\/blog.alquilereslg.com\/wp-content\/uploads\/2018\/11\/Flor-de-Pascua-1440x808.jpg\" alt=\"\" width=\"1440\" height=\"808\" srcset=\"https:\/\/blog.alquilereslg.com\/wp-content\/uploads\/2018\/11\/Flor-de-Pascua-1440x808.jpg 1440w, https:\/\/blog.alquilereslg.com\/wp-content\/uploads\/2018\/11\/Flor-de-Pascua-1440x808-768x431.jpg 768w\" sizes=\"(max-width: 1440px) 100vw, 1440px\" \/><\/p>\n<h1 style=\"text-align: center;\"><em><strong><span style=\"color: #008000;\">ALQUILERES LG W\u00dcNSCHE EUCH FROHE WEIHNACHTEN.<\/span><\/strong><\/em><\/h1>\n","protected":false},"excerpt":{"rendered":"<p>Navidad, Christmas, Noel, Weihnachten, Kerstmis. Dezember ist Weihnachten. Nun ja, der Dezember ist der Monat der Weihnachten, der guten W\u00fcnsche,&#8230;<\/p>\n","protected":false},"author":2,"featured_media":0,"comment_status":"open","ping_status":"open","sticky":false,"template":"","format":"standard","meta":[],"categories":[142,143],"tags":[],"yoast_head":"<!-- This site is optimized with the Yoast SEO plugin v18.3 - https:\/\/yoast.com\/wordpress\/plugins\/seo\/ -->\n<title>Navidad, Christmas, Noel, Weihnachten, Kerstmis. - Blog de Alquileres LG - Wohnungen und Villen zu vermieten<\/title>\n<meta name=\"robots\" content=\"index, follow, max-snippet:-1, max-image-preview:large, max-video-preview:-1\" \/>\n<link rel=\"canonical\" href=\"https:\/\/blog.alquilereslg.com\/de\/navidad-christmas-noel-weihnachten-kerstmis\/\" \/>\n<meta property=\"og:locale\" content=\"de_DE\" \/>\n<meta property=\"og:type\" content=\"article\" \/>\n<meta property=\"og:title\" content=\"Navidad, Christmas, Noel, Weihnachten, Kerstmis. - Blog de Alquileres LG - Wohnungen und Villen zu vermieten\" \/>\n<meta property=\"og:description\" content=\"Navidad, Christmas, Noel, Weihnachten, Kerstmis. Dezember ist Weihnachten. Nun ja, der Dezember ist der Monat der Weihnachten, der guten W\u00fcnsche,...\" \/>\n<meta property=\"og:url\" content=\"https:\/\/blog.alquilereslg.com\/de\/navidad-christmas-noel-weihnachten-kerstmis\/\" \/>\n<meta property=\"og:site_name\" content=\"Blog de Alquileres LG - Wohnungen und Villen zu vermieten\" \/>\n<meta property=\"article:published_time\" content=\"2021-12-20T19:24:55+00:00\" \/>\n<meta property=\"article:modified_time\" content=\"2021-12-20T19:35:12+00:00\" \/>\n<meta property=\"og:image\" content=\"https:\/\/blog.alquilereslg.com\/wp-content\/uploads\/2018\/11\/Flor-de-Pascua-1440x808.jpg\" \/>\n<meta name=\"twitter:card\" content=\"summary_large_image\" \/>\n<meta name=\"twitter:label1\" content=\"Verfasst von\" \/>\n\t<meta name=\"twitter:data1\" content=\"alquilereslg\" \/>\n\t<meta name=\"twitter:label2\" content=\"Gesch\u00e4tzte Lesezeit\" \/>\n\t<meta name=\"twitter:data2\" content=\"1\u00a0Minute\" \/>\n<script type=\"application\/ld+json\" class=\"yoast-schema-graph\">{\"@context\":\"https:\/\/schema.org\",\"@graph\":[{\"@type\":\"Organization\",\"@id\":\"https:\/\/blog.alquilereslg.com\/#organization\",\"name\":\"Alquileres LG\",\"url\":\"https:\/\/blog.alquilereslg.com\/\",\"sameAs\":[],\"logo\":{\"@type\":\"ImageObject\",\"@id\":\"https:\/\/blog.alquilereslg.com\/#logo\",\"inLanguage\":\"de\",\"url\":\"https:\/\/blog.alquilereslg.com\/wp-content\/uploads\/2020\/08\/logo.jpg\",\"contentUrl\":\"https:\/\/blog.alquilereslg.com\/wp-content\/uploads\/2020\/08\/logo.jpg\",\"width\":918,\"height\":179,\"caption\":\"Alquileres LG\"},\"image\":{\"@id\":\"https:\/\/blog.alquilereslg.com\/#logo\"}},{\"@type\":\"WebSite\",\"@id\":\"https:\/\/blog.alquilereslg.com\/#website\",\"url\":\"https:\/\/blog.alquilereslg.com\/\",\"name\":\"Blog de Alquileres LG - Wohnungen und Villen zu vermieten\",\"description\":\"Neuigkeiten, um Ihren Aufenthalt in unseren Ferienwohnungen und Ferienh\u00e4usern zu genie\u00dfen\",\"publisher\":{\"@id\":\"https:\/\/blog.alquilereslg.com\/#organization\"},\"potentialAction\":[{\"@type\":\"SearchAction\",\"target\":{\"@type\":\"EntryPoint\",\"urlTemplate\":\"https:\/\/blog.alquilereslg.com\/?s={search_term_string}\"},\"query-input\":\"required name=search_term_string\"}],\"inLanguage\":\"de\"},{\"@type\":\"ImageObject\",\"@id\":\"https:\/\/blog.alquilereslg.com\/de\/navidad-christmas-noel-weihnachten-kerstmis\/#primaryimage\",\"inLanguage\":\"de\",\"url\":\"https:\/\/blog.alquilereslg.com\/wp-content\/uploads\/2018\/11\/Flor-de-Pascua-1440x808.jpg\",\"contentUrl\":\"https:\/\/blog.alquilereslg.com\/wp-content\/uploads\/2018\/11\/Flor-de-Pascua-1440x808.jpg\"},{\"@type\":[\"WebPage\",\"ItemPage\"],\"@id\":\"https:\/\/blog.alquilereslg.com\/de\/navidad-christmas-noel-weihnachten-kerstmis\/#webpage\",\"url\":\"https:\/\/blog.alquilereslg.com\/de\/navidad-christmas-noel-weihnachten-kerstmis\/\",\"name\":\"Navidad, Christmas, Noel, Weihnachten, Kerstmis. - Blog de Alquileres LG - Wohnungen und Villen zu vermieten\",\"isPartOf\":{\"@id\":\"https:\/\/blog.alquilereslg.com\/#website\"},\"primaryImageOfPage\":{\"@id\":\"https:\/\/blog.alquilereslg.com\/de\/navidad-christmas-noel-weihnachten-kerstmis\/#primaryimage\"},\"datePublished\":\"2021-12-20T19:24:55+00:00\",\"dateModified\":\"2021-12-20T19:35:12+00:00\",\"breadcrumb\":{\"@id\":\"https:\/\/blog.alquilereslg.com\/de\/navidad-christmas-noel-weihnachten-kerstmis\/#breadcrumb\"},\"inLanguage\":\"de\",\"potentialAction\":[{\"@type\":\"ReadAction\",\"target\":[\"https:\/\/blog.alquilereslg.com\/de\/navidad-christmas-noel-weihnachten-kerstmis\/\"]}]},{\"@type\":\"BreadcrumbList\",\"@id\":\"https:\/\/blog.alquilereslg.com\/de\/navidad-christmas-noel-weihnachten-kerstmis\/#breadcrumb\",\"itemListElement\":[{\"@type\":\"ListItem\",\"position\":1,\"name\":\"Portada\",\"item\":\"https:\/\/blog.alquilereslg.com\/de\/\"},{\"@type\":\"ListItem\",\"position\":2,\"name\":\"Navidad, Christmas, Noel, Weihnachten, Kerstmis.\"}]},{\"@type\":\"Article\",\"@id\":\"https:\/\/blog.alquilereslg.com\/de\/navidad-christmas-noel-weihnachten-kerstmis\/#article\",\"isPartOf\":{\"@id\":\"https:\/\/blog.alquilereslg.com\/de\/navidad-christmas-noel-weihnachten-kerstmis\/#webpage\"},\"author\":{\"@id\":\"https:\/\/blog.alquilereslg.com\/#\/schema\/person\/bb1579a56e638390be3a2f9054a722bd\"},\"headline\":\"Navidad, Christmas, Noel, Weihnachten, Kerstmis.\",\"datePublished\":\"2021-12-20T19:24:55+00:00\",\"dateModified\":\"2021-12-20T19:35:12+00:00\",\"mainEntityOfPage\":{\"@id\":\"https:\/\/blog.alquilereslg.com\/de\/navidad-christmas-noel-weihnachten-kerstmis\/#webpage\"},\"wordCount\":162,\"commentCount\":0,\"publisher\":{\"@id\":\"https:\/\/blog.alquilereslg.com\/#organization\"},\"image\":{\"@id\":\"https:\/\/blog.alquilereslg.com\/de\/navidad-christmas-noel-weihnachten-kerstmis\/#primaryimage\"},\"thumbnailUrl\":\"https:\/\/blog.alquilereslg.com\/wp-content\/uploads\/2018\/11\/Flor-de-Pascua-1440x808.jpg\",\"articleSection\":[\"calpe\",\"Str\u00e4nde\"],\"inLanguage\":\"de\",\"potentialAction\":[{\"@type\":\"CommentAction\",\"name\":\"Comment\",\"target\":[\"https:\/\/blog.alquilereslg.com\/de\/navidad-christmas-noel-weihnachten-kerstmis\/#respond\"]}]},{\"@type\":\"Person\",\"@id\":\"https:\/\/blog.alquilereslg.com\/#\/schema\/person\/bb1579a56e638390be3a2f9054a722bd\",\"name\":\"alquilereslg\",\"image\":{\"@type\":\"ImageObject\",\"@id\":\"https:\/\/blog.alquilereslg.com\/#personlogo\",\"inLanguage\":\"de\",\"url\":\"https:\/\/secure.gravatar.com\/avatar\/7916667fc9eb6e53f12bddc670dafd72?s=96&d=mm&r=g\",\"contentUrl\":\"https:\/\/secure.gravatar.com\/avatar\/7916667fc9eb6e53f12bddc670dafd72?s=96&d=mm&r=g\",\"caption\":\"alquilereslg\"},\"url\":\"https:\/\/blog.alquilereslg.com\/de\/author\/alquilereslg\/\"}]}<\/script>\n<!-- \/ Yoast SEO plugin. -->","yoast_head_json":{"title":"Navidad, Christmas, Noel, Weihnachten, Kerstmis. - Blog de Alquileres LG - Wohnungen und Villen zu vermieten","robots":{"index":"index","follow":"follow","max-snippet":"max-snippet:-1","max-image-preview":"max-image-preview:large","max-video-preview":"max-video-preview:-1"},"canonical":"https:\/\/blog.alquilereslg.com\/de\/navidad-christmas-noel-weihnachten-kerstmis\/","og_locale":"de_DE","og_type":"article","og_title":"Navidad, Christmas, Noel, Weihnachten, Kerstmis. - Blog de Alquileres LG - Wohnungen und Villen zu vermieten","og_description":"Navidad, Christmas, Noel, Weihnachten, Kerstmis. Dezember ist Weihnachten. Nun ja, der Dezember ist der Monat der Weihnachten, der guten W\u00fcnsche,...","og_url":"https:\/\/blog.alquilereslg.com\/de\/navidad-christmas-noel-weihnachten-kerstmis\/","og_site_name":"Blog de Alquileres LG - Wohnungen und Villen zu vermieten","article_published_time":"2021-12-20T19:24:55+00:00","article_modified_time":"2021-12-20T19:35:12+00:00","og_image":[{"url":"https:\/\/blog.alquilereslg.com\/wp-content\/uploads\/2018\/11\/Flor-de-Pascua-1440x808.jpg"}],"twitter_card":"summary_large_image","twitter_misc":{"Verfasst von":"alquilereslg","Gesch\u00e4tzte Lesezeit":"1\u00a0Minute"},"schema":{"@context":"https:\/\/schema.org","@graph":[{"@type":"Organization","@id":"https:\/\/blog.alquilereslg.com\/#organization","name":"Alquileres LG","url":"https:\/\/blog.alquilereslg.com\/","sameAs":[],"logo":{"@type":"ImageObject","@id":"https:\/\/blog.alquilereslg.com\/#logo","inLanguage":"de","url":"https:\/\/blog.alquilereslg.com\/wp-content\/uploads\/2020\/08\/logo.jpg","contentUrl":"https:\/\/blog.alquilereslg.com\/wp-content\/uploads\/2020\/08\/logo.jpg","width":918,"height":179,"caption":"Alquileres LG"},"image":{"@id":"https:\/\/blog.alquilereslg.com\/#logo"}},{"@type":"WebSite","@id":"https:\/\/blog.alquilereslg.com\/#website","url":"https:\/\/blog.alquilereslg.com\/","name":"Blog de Alquileres LG - Wohnungen und Villen zu vermieten","description":"Neuigkeiten, um Ihren Aufenthalt in unseren Ferienwohnungen und Ferienh\u00e4usern zu genie\u00dfen","publisher":{"@id":"https:\/\/blog.alquilereslg.com\/#organization"},"potentialAction":[{"@type":"SearchAction","target":{"@type":"EntryPoint","urlTemplate":"https:\/\/blog.alquilereslg.com\/?s={search_term_string}"},"query-input":"required name=search_term_string"}],"inLanguage":"de"},{"@type":"ImageObject","@id":"https:\/\/blog.alquilereslg.com\/de\/navidad-christmas-noel-weihnachten-kerstmis\/#primaryimage","inLanguage":"de","url":"https:\/\/blog.alquilereslg.com\/wp-content\/uploads\/2018\/11\/Flor-de-Pascua-1440x808.jpg","contentUrl":"https:\/\/blog.alquilereslg.com\/wp-content\/uploads\/2018\/11\/Flor-de-Pascua-1440x808.jpg"},{"@type":["WebPage","ItemPage"],"@id":"https:\/\/blog.alquilereslg.com\/de\/navidad-christmas-noel-weihnachten-kerstmis\/#webpage","url":"https:\/\/blog.alquilereslg.com\/de\/navidad-christmas-noel-weihnachten-kerstmis\/","name":"Navidad, Christmas, Noel, Weihnachten, Kerstmis. - Blog de Alquileres LG - Wohnungen und Villen zu vermieten","isPartOf":{"@id":"https:\/\/blog.alquilereslg.com\/#website"},"primaryImageOfPage":{"@id":"https:\/\/blog.alquilereslg.com\/de\/navidad-christmas-noel-weihnachten-kerstmis\/#primaryimage"},"datePublished":"2021-12-20T19:24:55+00:00","dateModified":"2021-12-20T19:35:12+00:00","breadcrumb":{"@id":"https:\/\/blog.alquilereslg.com\/de\/navidad-christmas-noel-weihnachten-kerstmis\/#breadcrumb"},"inLanguage":"de","potentialAction":[{"@type":"ReadAction","target":["https:\/\/blog.alquilereslg.com\/de\/navidad-christmas-noel-weihnachten-kerstmis\/"]}]},{"@type":"BreadcrumbList","@id":"https:\/\/blog.alquilereslg.com\/de\/navidad-christmas-noel-weihnachten-kerstmis\/#breadcrumb","itemListElement":[{"@type":"ListItem","position":1,"name":"Portada","item":"https:\/\/blog.alquilereslg.com\/de\/"},{"@type":"ListItem","position":2,"name":"Navidad, Christmas, Noel, Weihnachten, Kerstmis."}]},{"@type":"Article","@id":"https:\/\/blog.alquilereslg.com\/de\/navidad-christmas-noel-weihnachten-kerstmis\/#article","isPartOf":{"@id":"https:\/\/blog.alquilereslg.com\/de\/navidad-christmas-noel-weihnachten-kerstmis\/#webpage"},"author":{"@id":"https:\/\/blog.alquilereslg.com\/#\/schema\/person\/bb1579a56e638390be3a2f9054a722bd"},"headline":"Navidad, Christmas, Noel, Weihnachten, Kerstmis.","datePublished":"2021-12-20T19:24:55+00:00","dateModified":"2021-12-20T19:35:12+00:00","mainEntityOfPage":{"@id":"https:\/\/blog.alquilereslg.com\/de\/navidad-christmas-noel-weihnachten-kerstmis\/#webpage"},"wordCount":162,"commentCount":0,"publisher":{"@id":"https:\/\/blog.alquilereslg.com\/#organization"},"image":{"@id":"https:\/\/blog.alquilereslg.com\/de\/navidad-christmas-noel-weihnachten-kerstmis\/#primaryimage"},"thumbnailUrl":"https:\/\/blog.alquilereslg.com\/wp-content\/uploads\/2018\/11\/Flor-de-Pascua-1440x808.jpg","articleSection":["calpe","Str\u00e4nde"],"inLanguage":"de","potentialAction":[{"@type":"CommentAction","name":"Comment","target":["https:\/\/blog.alquilereslg.com\/de\/navidad-christmas-noel-weihnachten-kerstmis\/#respond"]}]},{"@type":"Person","@id":"https:\/\/blog.alquilereslg.com\/#\/schema\/person\/bb1579a56e638390be3a2f9054a722bd","name":"alquilereslg","image":{"@type":"ImageObject","@id":"https:\/\/blog.alquilereslg.com\/#personlogo","inLanguage":"de","url":"https:\/\/secure.gravatar.com\/avatar\/7916667fc9eb6e53f12bddc670dafd72?s=96&d=mm&r=g","contentUrl":"https:\/\/secure.gravatar.com\/avatar\/7916667fc9eb6e53f12bddc670dafd72?s=96&d=mm&r=g","caption":"alquilereslg"},"url":"https:\/\/blog.alquilereslg.com\/de\/author\/alquilereslg\/"}]}},"_links":{"self":[{"href":"https:\/\/blog.alquilereslg.com\/de\/wp-json\/wp\/v2\/posts\/1409"}],"collection":[{"href":"https:\/\/blog.alquilereslg.com\/de\/wp-json\/wp\/v2\/posts"}],"about":[{"href":"https:\/\/blog.alquilereslg.com\/de\/wp-json\/wp\/v2\/types\/post"}],"author":[{"embeddable":true,"href":"https:\/\/blog.alquilereslg.com\/de\/wp-json\/wp\/v2\/users\/2"}],"replies":[{"embeddable":true,"href":"https:\/\/blog.alquilereslg.com\/de\/wp-json\/wp\/v2\/comments?post=1409"}],"version-history":[{"count":2,"href":"https:\/\/blog.alquilereslg.com\/de\/wp-json\/wp\/v2\/posts\/1409\/revisions"}],"predecessor-version":[{"id":1411,"href":"https:\/\/blog.alquilereslg.com\/de\/wp-json\/wp\/v2\/posts\/1409\/revisions\/1411"}],"wp:attachment":[{"href":"https:\/\/blog.alquilereslg.com\/de\/wp-json\/wp\/v2\/media?parent=1409"}],"wp:term":[{"taxonomy":"category","embeddable":true,"href":"https:\/\/blog.alquilereslg.com\/de\/wp-json\/wp\/v2\/categories?post=1409"},{"taxonomy":"post_tag","embeddable":true,"href":"https:\/\/blog.alquilereslg.com\/de\/wp-json\/wp\/v2\/tags?post=1409"}],"curies":[{"name":"wp","href":"https:\/\/api.w.org\/{rel}","templated":true}]}}