{"id":2582,"date":"2025-03-17T11:20:21","date_gmt":"2025-03-17T11:20:21","guid":{"rendered":"https:\/\/blog.alquilereslg.com\/?p=2582"},"modified":"2025-03-17T11:20:22","modified_gmt":"2025-03-17T11:20:22","slug":"reisen-nach-calpe-bewahre-und-geniesse-seine-natuerlichen-raeume","status":"publish","type":"post","link":"https:\/\/blog.alquilereslg.com\/de\/reisen-nach-calpe-bewahre-und-geniesse-seine-natuerlichen-raeume\/","title":{"rendered":"Reisen nach Calpe: Bewahre und genie\u00dfe seine nat\u00fcrlichen R\u00e4ume"},"content":{"rendered":"\n<p>Calpe, mit seiner beeindruckenden Vielfalt an nat\u00fcrlichen R\u00e4umen, ist nicht nur ein Paradies f\u00fcr Touristen, sondern auch ein Beispiel daf\u00fcr, wie Naturschutz Hand in Hand mit dem Tourismus gehen kann. F\u00fcr diejenigen, die die Natur lieben und Calpe im Urlaub besuchen m\u00f6chten, ist es wichtig, die \u00f6kologischen Initiativen zu kennen und zu verstehen, wie sie zur Erhaltung dieser wundersch\u00f6nen Umgebung beitragen k\u00f6nnen.<\/p>\n\n\n\n<h4><strong>Lokale Naturschutzinitiativen<\/strong><\/h4>\n\n\n\n<ol><li><strong>Naturpark Pe\u00f1\u00f3n de Ifach<\/strong>: Dieser ikonische Naturpark verf\u00fcgt \u00fcber Schutzprogramme, die seine reiche Biodiversit\u00e4t bewahren. Besucher k\u00f6nnen an gef\u00fchrten Touren teilnehmen, die \u00fcber die lokale Flora und Fauna sowie \u00fcber laufende Naturschutzbem\u00fchungen informieren. Der Pe\u00f1\u00f3n de Ifach beherbergt endemische Arten und seine Geologie bietet einen Blick auf die Naturgeschichte der Region.<\/li><li><strong>Salinen von Calpe<\/strong>: Die Salinen sind ein wichtiges gesch\u00fctztes Feuchtgebiet, das eine gro\u00dfe Vielfalt an Zugv\u00f6geln beherbergt. Restaurierungs- und Schutzprojekte werden regelm\u00e4\u00dfig durchgef\u00fchrt, um das \u00f6kologische Gleichgewicht in diesem Gebiet zu erhalten. Die Salinen sind nicht nur f\u00fcr die Vogelwelt von entscheidender Bedeutung, sondern spielen auch eine wesentliche Rolle bei der Erhaltung der nat\u00fcrlichen Landschaft von Calpe.<\/li><li><strong>Sierra de Olt\u00e0 und Sierra de Toix<\/strong>: Diese Gebirgsketten bieten Wander- und Kletterrouten, und ihre Naturschutzprogramme konzentrieren sich auf Aufforstung und den Schutz einheimischer Arten. Touristen k\u00f6nnen an Freiwilligenaktivit\u00e4ten wie Baumpflanzungen und der Reinigung von Wanderwegen teilnehmen. Diese Initiativen tragen nicht nur zur Erhaltung der nat\u00fcrlichen Umgebung bei, sondern f\u00f6rdern auch ein Gemeinschaftsgef\u00fchl und \u00f6kologische Verantwortung bei den Besuchern.<\/li><\/ol>\n\n\n\n<h4><strong>Wie Touristen beitragen k\u00f6nnen<\/strong><\/h4>\n\n\n\n<ol><li><strong>Respektiere die nat\u00fcrliche Umgebung<\/strong>: Es ist wichtig, die in den Naturparks und Naturschutzgebieten festgelegten Regeln zu befolgen, wie zum Beispiel keinen M\u00fcll zu hinterlassen, die Flora und Fauna nicht zu st\u00f6ren und auf den markierten Wegen zu bleiben. Diese einfachen Praktiken k\u00f6nnen einen gro\u00dfen Einfluss auf den Schutz der nat\u00fcrlichen Umgebung haben.<\/li><li><strong>Teilnahme an Freiwilligenprogrammen<\/strong>: Viele lokale Organisationen bieten Freiwilligenprogramme f\u00fcr Touristen an, die es ihnen erm\u00f6glichen, aktiv zum Umweltschutz beizutragen. Aktivit\u00e4ten wie Aufforstung und Strandreinigung sind effektive M\u00f6glichkeiten, einen Unterschied zu machen.<\/li><li><strong>Wahl nachhaltiger Tourismusoptionen<\/strong>: Die Wahl von umweltfreundlichen Unterk\u00fcnften, die Nutzung \u00f6ffentlicher Verkehrsmittel oder Fahrr\u00e4der und der Kauf lokaler Produkte sind M\u00f6glichkeiten, den \u00f6kologischen Fu\u00dfabdruck w\u00e4hrend des Besuchs zu reduzieren. Diese Entscheidungen helfen, die Umweltbelastung zu minimieren und die lokale Wirtschaft zu unterst\u00fctzen.<\/li><li><strong>Bildung und Bewusstsein<\/strong>: Das Lernen \u00fcber Naturschutzbem\u00fchungen und das Weitergeben dieser Informationen an andere Touristen kann das Bewusstsein und die Unterst\u00fctzung f\u00fcr den Umweltschutz erh\u00f6hen. Bildung ist ein m\u00e4chtiges Werkzeug, um nachhaltigen und verantwortungsbewussten Tourismus zu f\u00f6rdern.<\/li><\/ol>\n\n\n\n<h4><strong>Freiwilligenprojekte in der Natur<\/strong><\/h4>\n\n\n\n<p>Calpe bietet verschiedene M\u00f6glichkeiten f\u00fcr Besucher, sich am Umweltschutz zu beteiligen. Vom Aufforsten im Sierra de Olt\u00e0 bis hin zur Strandreinigung und dem Schutz von Arten in den Salinen gibt es viele M\u00f6glichkeiten, wie Naturfreunde einen Unterschied machen k\u00f6nnen. Die Teilnahme an diesen Projekten tr\u00e4gt nicht nur zum Naturschutz bei, sondern bereichert auch das Erlebnis des Besuchers.<\/p>\n\n\n\n<p><strong>Vorteile der Anmietung einer Ferienwohnung in Calpe<\/strong><\/p>\n\n\n\n<p>Die Anmietung einer Ferienwohnung in Calpe hat viele Vorteile, insbesondere f\u00fcr diejenigen, die die nat\u00fcrlichen R\u00e4ume erkunden m\u00f6chten.<\/p>\n\n\n\n<p><strong>Proximity to Natural Spaces<\/strong><\/p>\n\n\n\n<p>Eine Unterkunft in der N\u00e4he erm\u00f6glicht es Ihnen, Outdoor-Aktivit\u00e4ten optimal zu genie\u00dfen, ohne Zeit f\u00fcr lange Anfahrten zu verlieren. Dies erleichtert die Planung von Ausfl\u00fcgen und das Genie\u00dfen der Panoramablicke.<\/p>\n\n\n\n<p><strong>Komfort und Flexibilit\u00e4t<\/strong><\/p>\n\n\n\n<p>Die Apartments bieten den Komfort eines Zuhauses und die Flexibilit\u00e4t, Mahlzeiten zuzubereiten und Ausfl\u00fcge nach Belieben zu planen. Diese Option ist ideal f\u00fcr Familien und Gruppen von Freunden, die einen komfortablen und flexiblen Aufenthalt suchen.<\/p>\n\n\n\n<p><strong>Zusammenfassend\u2026 Wir k\u00f6nnten sagen, dass:<\/strong><\/p>\n\n\n\n<p>Eine Reise nach Calpe ist nicht nur eine Gelegenheit, die sch\u00f6nen Landschaften zu genie\u00dfen, sondern auch zur Erhaltung beizutragen. Indem Touristen an \u00f6kologischen Initiativen teilnehmen und nachhaltige Praktiken anwenden, k\u00f6nnen sie helfen, diese nat\u00fcrlichen R\u00e4ume f\u00fcr zuk\u00fcnftige Generationen zu bewahren. Entdecken Sie die beeindruckende Sch\u00f6nheit von Calpe ohne Filter und werden Sie sich ihrer Erhaltung bewusst.<\/p>\n\n\n\n<p>Buchen Sie Ihre Unterkunft bei Alquileres LG und erleben Sie unvergessliche Momente im Einklang mit der Natur.<\/p>\n","protected":false},"excerpt":{"rendered":"<p>Calpe, mit seiner beeindruckenden Vielfalt an nat\u00fcrlichen R\u00e4umen, ist nicht nur ein Paradies f\u00fcr Touristen, sondern auch ein Beispiel daf\u00fcr,&#8230;<\/p>\n","protected":false},"author":2,"featured_media":2361,"comment_status":"open","ping_status":"open","sticky":false,"template":"","format":"standard","meta":[],"categories":[142],"tags":[],"yoast_head":"<!-- This site is optimized with the Yoast SEO plugin v18.3 - https:\/\/yoast.com\/wordpress\/plugins\/seo\/ -->\n<title>Reisen nach Calpe: Bewahre und genie\u00dfe seine nat\u00fcrlichen R\u00e4ume - Blog de Alquileres LG - Wohnungen und Villen zu vermieten<\/title>\n<meta name=\"robots\" content=\"index, follow, max-snippet:-1, max-image-preview:large, max-video-preview:-1\" \/>\n<link rel=\"canonical\" href=\"https:\/\/blog.alquilereslg.com\/de\/reisen-nach-calpe-bewahre-und-geniesse-seine-natuerlichen-raeume\/\" \/>\n<meta property=\"og:locale\" content=\"de_DE\" \/>\n<meta property=\"og:type\" content=\"article\" \/>\n<meta property=\"og:title\" content=\"Reisen nach Calpe: Bewahre und genie\u00dfe seine nat\u00fcrlichen R\u00e4ume - Blog de Alquileres LG - Wohnungen und Villen zu vermieten\" \/>\n<meta property=\"og:description\" content=\"Calpe, mit seiner beeindruckenden Vielfalt an nat\u00fcrlichen R\u00e4umen, ist nicht nur ein Paradies f\u00fcr Touristen, sondern auch ein Beispiel daf\u00fcr,...\" \/>\n<meta property=\"og:url\" content=\"https:\/\/blog.alquilereslg.com\/de\/reisen-nach-calpe-bewahre-und-geniesse-seine-natuerlichen-raeume\/\" \/>\n<meta property=\"og:site_name\" content=\"Blog de Alquileres LG - Wohnungen und Villen zu vermieten\" \/>\n<meta property=\"article:published_time\" content=\"2025-03-17T11:20:21+00:00\" \/>\n<meta property=\"article:modified_time\" content=\"2025-03-17T11:20:22+00:00\" \/>\n<meta property=\"og:image\" content=\"https:\/\/blog.alquilereslg.com\/wp-content\/uploads\/2024\/07\/blogs-1-2.png\" \/>\n\t<meta property=\"og:image:width\" content=\"2240\" \/>\n\t<meta property=\"og:image:height\" content=\"1260\" \/>\n\t<meta property=\"og:image:type\" content=\"image\/png\" \/>\n<meta name=\"twitter:card\" content=\"summary_large_image\" \/>\n<meta name=\"twitter:label1\" content=\"Verfasst von\" \/>\n\t<meta name=\"twitter:data1\" content=\"alquilereslg\" \/>\n\t<meta name=\"twitter:label2\" content=\"Gesch\u00e4tzte Lesezeit\" \/>\n\t<meta name=\"twitter:data2\" content=\"3\u00a0Minuten\" \/>\n<script type=\"application\/ld+json\" class=\"yoast-schema-graph\">{\"@context\":\"https:\/\/schema.org\",\"@graph\":[{\"@type\":\"Organization\",\"@id\":\"https:\/\/blog.alquilereslg.com\/#organization\",\"name\":\"Alquileres LG\",\"url\":\"https:\/\/blog.alquilereslg.com\/\",\"sameAs\":[],\"logo\":{\"@type\":\"ImageObject\",\"@id\":\"https:\/\/blog.alquilereslg.com\/#logo\",\"inLanguage\":\"de\",\"url\":\"https:\/\/blog.alquilereslg.com\/wp-content\/uploads\/2020\/08\/logo.jpg\",\"contentUrl\":\"https:\/\/blog.alquilereslg.com\/wp-content\/uploads\/2020\/08\/logo.jpg\",\"width\":918,\"height\":179,\"caption\":\"Alquileres LG\"},\"image\":{\"@id\":\"https:\/\/blog.alquilereslg.com\/#logo\"}},{\"@type\":\"WebSite\",\"@id\":\"https:\/\/blog.alquilereslg.com\/#website\",\"url\":\"https:\/\/blog.alquilereslg.com\/\",\"name\":\"Blog de Alquileres LG - Wohnungen und Villen zu vermieten\",\"description\":\"Neuigkeiten, um Ihren Aufenthalt in unseren Ferienwohnungen und Ferienh\u00e4usern zu genie\u00dfen\",\"publisher\":{\"@id\":\"https:\/\/blog.alquilereslg.com\/#organization\"},\"potentialAction\":[{\"@type\":\"SearchAction\",\"target\":{\"@type\":\"EntryPoint\",\"urlTemplate\":\"https:\/\/blog.alquilereslg.com\/?s={search_term_string}\"},\"query-input\":\"required name=search_term_string\"}],\"inLanguage\":\"de\"},{\"@type\":\"ImageObject\",\"@id\":\"https:\/\/blog.alquilereslg.com\/de\/reisen-nach-calpe-bewahre-und-geniesse-seine-natuerlichen-raeume\/#primaryimage\",\"inLanguage\":\"de\",\"url\":\"https:\/\/blog.alquilereslg.com\/wp-content\/uploads\/2024\/07\/blogs-1-2.png\",\"contentUrl\":\"https:\/\/blog.alquilereslg.com\/wp-content\/uploads\/2024\/07\/blogs-1-2.png\",\"width\":2240,\"height\":1260,\"caption\":\"calpe senderismo\"},{\"@type\":[\"WebPage\",\"ItemPage\"],\"@id\":\"https:\/\/blog.alquilereslg.com\/de\/reisen-nach-calpe-bewahre-und-geniesse-seine-natuerlichen-raeume\/#webpage\",\"url\":\"https:\/\/blog.alquilereslg.com\/de\/reisen-nach-calpe-bewahre-und-geniesse-seine-natuerlichen-raeume\/\",\"name\":\"Reisen nach Calpe: Bewahre und genie\u00dfe seine nat\u00fcrlichen R\u00e4ume - Blog de Alquileres LG - Wohnungen und Villen zu vermieten\",\"isPartOf\":{\"@id\":\"https:\/\/blog.alquilereslg.com\/#website\"},\"primaryImageOfPage\":{\"@id\":\"https:\/\/blog.alquilereslg.com\/de\/reisen-nach-calpe-bewahre-und-geniesse-seine-natuerlichen-raeume\/#primaryimage\"},\"datePublished\":\"2025-03-17T11:20:21+00:00\",\"dateModified\":\"2025-03-17T11:20:22+00:00\",\"breadcrumb\":{\"@id\":\"https:\/\/blog.alquilereslg.com\/de\/reisen-nach-calpe-bewahre-und-geniesse-seine-natuerlichen-raeume\/#breadcrumb\"},\"inLanguage\":\"de\",\"potentialAction\":[{\"@type\":\"ReadAction\",\"target\":[\"https:\/\/blog.alquilereslg.com\/de\/reisen-nach-calpe-bewahre-und-geniesse-seine-natuerlichen-raeume\/\"]}]},{\"@type\":\"BreadcrumbList\",\"@id\":\"https:\/\/blog.alquilereslg.com\/de\/reisen-nach-calpe-bewahre-und-geniesse-seine-natuerlichen-raeume\/#breadcrumb\",\"itemListElement\":[{\"@type\":\"ListItem\",\"position\":1,\"name\":\"Portada\",\"item\":\"https:\/\/blog.alquilereslg.com\/de\/\"},{\"@type\":\"ListItem\",\"position\":2,\"name\":\"Reisen nach Calpe: Bewahre und genie\u00dfe seine nat\u00fcrlichen R\u00e4ume\"}]},{\"@type\":\"Article\",\"@id\":\"https:\/\/blog.alquilereslg.com\/de\/reisen-nach-calpe-bewahre-und-geniesse-seine-natuerlichen-raeume\/#article\",\"isPartOf\":{\"@id\":\"https:\/\/blog.alquilereslg.com\/de\/reisen-nach-calpe-bewahre-und-geniesse-seine-natuerlichen-raeume\/#webpage\"},\"author\":{\"@id\":\"https:\/\/blog.alquilereslg.com\/#\/schema\/person\/bb1579a56e638390be3a2f9054a722bd\"},\"headline\":\"Reisen nach Calpe: Bewahre und genie\u00dfe seine nat\u00fcrlichen R\u00e4ume\",\"datePublished\":\"2025-03-17T11:20:21+00:00\",\"dateModified\":\"2025-03-17T11:20:22+00:00\",\"mainEntityOfPage\":{\"@id\":\"https:\/\/blog.alquilereslg.com\/de\/reisen-nach-calpe-bewahre-und-geniesse-seine-natuerlichen-raeume\/#webpage\"},\"wordCount\":724,\"commentCount\":0,\"publisher\":{\"@id\":\"https:\/\/blog.alquilereslg.com\/#organization\"},\"image\":{\"@id\":\"https:\/\/blog.alquilereslg.com\/de\/reisen-nach-calpe-bewahre-und-geniesse-seine-natuerlichen-raeume\/#primaryimage\"},\"thumbnailUrl\":\"https:\/\/blog.alquilereslg.com\/wp-content\/uploads\/2024\/07\/blogs-1-2.png\",\"articleSection\":[\"calpe\"],\"inLanguage\":\"de\",\"potentialAction\":[{\"@type\":\"CommentAction\",\"name\":\"Comment\",\"target\":[\"https:\/\/blog.alquilereslg.com\/de\/reisen-nach-calpe-bewahre-und-geniesse-seine-natuerlichen-raeume\/#respond\"]}]},{\"@type\":\"Person\",\"@id\":\"https:\/\/blog.alquilereslg.com\/#\/schema\/person\/bb1579a56e638390be3a2f9054a722bd\",\"name\":\"alquilereslg\",\"image\":{\"@type\":\"ImageObject\",\"@id\":\"https:\/\/blog.alquilereslg.com\/#personlogo\",\"inLanguage\":\"de\",\"url\":\"https:\/\/secure.gravatar.com\/avatar\/7916667fc9eb6e53f12bddc670dafd72?s=96&d=mm&r=g\",\"contentUrl\":\"https:\/\/secure.gravatar.com\/avatar\/7916667fc9eb6e53f12bddc670dafd72?s=96&d=mm&r=g\",\"caption\":\"alquilereslg\"},\"url\":\"https:\/\/blog.alquilereslg.com\/de\/author\/alquilereslg\/\"}]}<\/script>\n<!-- \/ Yoast SEO plugin. -->","yoast_head_json":{"title":"Reisen nach Calpe: Bewahre und genie\u00dfe seine nat\u00fcrlichen R\u00e4ume - Blog de Alquileres LG - Wohnungen und Villen zu vermieten","robots":{"index":"index","follow":"follow","max-snippet":"max-snippet:-1","max-image-preview":"max-image-preview:large","max-video-preview":"max-video-preview:-1"},"canonical":"https:\/\/blog.alquilereslg.com\/de\/reisen-nach-calpe-bewahre-und-geniesse-seine-natuerlichen-raeume\/","og_locale":"de_DE","og_type":"article","og_title":"Reisen nach Calpe: Bewahre und genie\u00dfe seine nat\u00fcrlichen R\u00e4ume - Blog de Alquileres LG - Wohnungen und Villen zu vermieten","og_description":"Calpe, mit seiner beeindruckenden Vielfalt an nat\u00fcrlichen R\u00e4umen, ist nicht nur ein Paradies f\u00fcr Touristen, sondern auch ein Beispiel daf\u00fcr,...","og_url":"https:\/\/blog.alquilereslg.com\/de\/reisen-nach-calpe-bewahre-und-geniesse-seine-natuerlichen-raeume\/","og_site_name":"Blog de Alquileres LG - Wohnungen und Villen zu vermieten","article_published_time":"2025-03-17T11:20:21+00:00","article_modified_time":"2025-03-17T11:20:22+00:00","og_image":[{"width":2240,"height":1260,"url":"https:\/\/blog.alquilereslg.com\/wp-content\/uploads\/2024\/07\/blogs-1-2.png","type":"image\/png"}],"twitter_card":"summary_large_image","twitter_misc":{"Verfasst von":"alquilereslg","Gesch\u00e4tzte Lesezeit":"3\u00a0Minuten"},"schema":{"@context":"https:\/\/schema.org","@graph":[{"@type":"Organization","@id":"https:\/\/blog.alquilereslg.com\/#organization","name":"Alquileres LG","url":"https:\/\/blog.alquilereslg.com\/","sameAs":[],"logo":{"@type":"ImageObject","@id":"https:\/\/blog.alquilereslg.com\/#logo","inLanguage":"de","url":"https:\/\/blog.alquilereslg.com\/wp-content\/uploads\/2020\/08\/logo.jpg","contentUrl":"https:\/\/blog.alquilereslg.com\/wp-content\/uploads\/2020\/08\/logo.jpg","width":918,"height":179,"caption":"Alquileres LG"},"image":{"@id":"https:\/\/blog.alquilereslg.com\/#logo"}},{"@type":"WebSite","@id":"https:\/\/blog.alquilereslg.com\/#website","url":"https:\/\/blog.alquilereslg.com\/","name":"Blog de Alquileres LG - Wohnungen und Villen zu vermieten","description":"Neuigkeiten, um Ihren Aufenthalt in unseren Ferienwohnungen und Ferienh\u00e4usern zu genie\u00dfen","publisher":{"@id":"https:\/\/blog.alquilereslg.com\/#organization"},"potentialAction":[{"@type":"SearchAction","target":{"@type":"EntryPoint","urlTemplate":"https:\/\/blog.alquilereslg.com\/?s={search_term_string}"},"query-input":"required name=search_term_string"}],"inLanguage":"de"},{"@type":"ImageObject","@id":"https:\/\/blog.alquilereslg.com\/de\/reisen-nach-calpe-bewahre-und-geniesse-seine-natuerlichen-raeume\/#primaryimage","inLanguage":"de","url":"https:\/\/blog.alquilereslg.com\/wp-content\/uploads\/2024\/07\/blogs-1-2.png","contentUrl":"https:\/\/blog.alquilereslg.com\/wp-content\/uploads\/2024\/07\/blogs-1-2.png","width":2240,"height":1260,"caption":"calpe senderismo"},{"@type":["WebPage","ItemPage"],"@id":"https:\/\/blog.alquilereslg.com\/de\/reisen-nach-calpe-bewahre-und-geniesse-seine-natuerlichen-raeume\/#webpage","url":"https:\/\/blog.alquilereslg.com\/de\/reisen-nach-calpe-bewahre-und-geniesse-seine-natuerlichen-raeume\/","name":"Reisen nach Calpe: Bewahre und genie\u00dfe seine nat\u00fcrlichen R\u00e4ume - Blog de Alquileres LG - Wohnungen und Villen zu vermieten","isPartOf":{"@id":"https:\/\/blog.alquilereslg.com\/#website"},"primaryImageOfPage":{"@id":"https:\/\/blog.alquilereslg.com\/de\/reisen-nach-calpe-bewahre-und-geniesse-seine-natuerlichen-raeume\/#primaryimage"},"datePublished":"2025-03-17T11:20:21+00:00","dateModified":"2025-03-17T11:20:22+00:00","breadcrumb":{"@id":"https:\/\/blog.alquilereslg.com\/de\/reisen-nach-calpe-bewahre-und-geniesse-seine-natuerlichen-raeume\/#breadcrumb"},"inLanguage":"de","potentialAction":[{"@type":"ReadAction","target":["https:\/\/blog.alquilereslg.com\/de\/reisen-nach-calpe-bewahre-und-geniesse-seine-natuerlichen-raeume\/"]}]},{"@type":"BreadcrumbList","@id":"https:\/\/blog.alquilereslg.com\/de\/reisen-nach-calpe-bewahre-und-geniesse-seine-natuerlichen-raeume\/#breadcrumb","itemListElement":[{"@type":"ListItem","position":1,"name":"Portada","item":"https:\/\/blog.alquilereslg.com\/de\/"},{"@type":"ListItem","position":2,"name":"Reisen nach Calpe: Bewahre und genie\u00dfe seine nat\u00fcrlichen R\u00e4ume"}]},{"@type":"Article","@id":"https:\/\/blog.alquilereslg.com\/de\/reisen-nach-calpe-bewahre-und-geniesse-seine-natuerlichen-raeume\/#article","isPartOf":{"@id":"https:\/\/blog.alquilereslg.com\/de\/reisen-nach-calpe-bewahre-und-geniesse-seine-natuerlichen-raeume\/#webpage"},"author":{"@id":"https:\/\/blog.alquilereslg.com\/#\/schema\/person\/bb1579a56e638390be3a2f9054a722bd"},"headline":"Reisen nach Calpe: Bewahre und genie\u00dfe seine nat\u00fcrlichen R\u00e4ume","datePublished":"2025-03-17T11:20:21+00:00","dateModified":"2025-03-17T11:20:22+00:00","mainEntityOfPage":{"@id":"https:\/\/blog.alquilereslg.com\/de\/reisen-nach-calpe-bewahre-und-geniesse-seine-natuerlichen-raeume\/#webpage"},"wordCount":724,"commentCount":0,"publisher":{"@id":"https:\/\/blog.alquilereslg.com\/#organization"},"image":{"@id":"https:\/\/blog.alquilereslg.com\/de\/reisen-nach-calpe-bewahre-und-geniesse-seine-natuerlichen-raeume\/#primaryimage"},"thumbnailUrl":"https:\/\/blog.alquilereslg.com\/wp-content\/uploads\/2024\/07\/blogs-1-2.png","articleSection":["calpe"],"inLanguage":"de","potentialAction":[{"@type":"CommentAction","name":"Comment","target":["https:\/\/blog.alquilereslg.com\/de\/reisen-nach-calpe-bewahre-und-geniesse-seine-natuerlichen-raeume\/#respond"]}]},{"@type":"Person","@id":"https:\/\/blog.alquilereslg.com\/#\/schema\/person\/bb1579a56e638390be3a2f9054a722bd","name":"alquilereslg","image":{"@type":"ImageObject","@id":"https:\/\/blog.alquilereslg.com\/#personlogo","inLanguage":"de","url":"https:\/\/secure.gravatar.com\/avatar\/7916667fc9eb6e53f12bddc670dafd72?s=96&d=mm&r=g","contentUrl":"https:\/\/secure.gravatar.com\/avatar\/7916667fc9eb6e53f12bddc670dafd72?s=96&d=mm&r=g","caption":"alquilereslg"},"url":"https:\/\/blog.alquilereslg.com\/de\/author\/alquilereslg\/"}]}},"_links":{"self":[{"href":"https:\/\/blog.alquilereslg.com\/de\/wp-json\/wp\/v2\/posts\/2582"}],"collection":[{"href":"https:\/\/blog.alquilereslg.com\/de\/wp-json\/wp\/v2\/posts"}],"about":[{"href":"https:\/\/blog.alquilereslg.com\/de\/wp-json\/wp\/v2\/types\/post"}],"author":[{"embeddable":true,"href":"https:\/\/blog.alquilereslg.com\/de\/wp-json\/wp\/v2\/users\/2"}],"replies":[{"embeddable":true,"href":"https:\/\/blog.alquilereslg.com\/de\/wp-json\/wp\/v2\/comments?post=2582"}],"version-history":[{"count":1,"href":"https:\/\/blog.alquilereslg.com\/de\/wp-json\/wp\/v2\/posts\/2582\/revisions"}],"predecessor-version":[{"id":2585,"href":"https:\/\/blog.alquilereslg.com\/de\/wp-json\/wp\/v2\/posts\/2582\/revisions\/2585"}],"wp:featuredmedia":[{"embeddable":true,"href":"https:\/\/blog.alquilereslg.com\/de\/wp-json\/wp\/v2\/media\/2361"}],"wp:attachment":[{"href":"https:\/\/blog.alquilereslg.com\/de\/wp-json\/wp\/v2\/media?parent=2582"}],"wp:term":[{"taxonomy":"category","embeddable":true,"href":"https:\/\/blog.alquilereslg.com\/de\/wp-json\/wp\/v2\/categories?post=2582"},{"taxonomy":"post_tag","embeddable":true,"href":"https:\/\/blog.alquilereslg.com\/de\/wp-json\/wp\/v2\/tags?post=2582"}],"curies":[{"name":"wp","href":"https:\/\/api.w.org\/{rel}","templated":true}]}}