{"id":1584,"date":"2022-02-24T08:46:25","date_gmt":"2022-02-24T08:46:25","guid":{"rendered":"https:\/\/blog.alquilereslg.com\/?p=1584"},"modified":"2022-02-24T19:46:28","modified_gmt":"2022-02-24T19:46:28","slug":"discover-all-the-beaches-and-coves-of-calpe","status":"publish","type":"post","link":"https:\/\/blog.alquilereslg.com\/en\/discover-all-the-beaches-and-coves-of-calpe\/","title":{"rendered":"Discover all the beaches and coves of Calpe"},"content":{"rendered":"\n<p>Whether it is for Easter, a weekend or you are thinking of renting <a href=\"https:\/\/www.alquilereslg.com\/en\/rentals\/holidays-rentals-rentals-d0\/\" target=\"_blank\" rel=\"noreferrer noopener\">a flat for your holidays<\/a>, the offer we offer you is undoubtedly the best. Calpe enjoys an average annual temperature of 18\u00ba which is ideal for enjoying its beaches. There are many activities you can do: hiking, climbing, cycling, kitesurfing, fishing, golf\u2026 But as the heat is gradually returning, what you want most is to go to the beach. That&#8217;s why we&#8217;re going to reveal the fourteen beaches and coves you&#8217;ll find in this paradise on the Costa Blanca.<\/p>\n\n\n\n<h2>Beaches and coves of fine sand<\/h2>\n\n\n\n<p>Perfect for strolling, doing sport or simply enjoying the sea. If you hate rocks and pebbles, the fine sandy beaches are for you. Arena-Bol and La Fossa are the most popular and crowded. By the way, we give credit to the images you will see below, property of the Calpe town hall, they are incredible.<\/p>\n\n\n\n<h2>Arena-Bol Beach<\/h2>\n\n\n\n<p>Located in the urban area of Calpe, with street access, the Arena-Bol beach stands out as one of the most visited <a href=\"https:\/\/www.calpe.es\/en\/beaches\" target=\"_blank\" rel=\"noreferrer noopener nofollow\">beaches in the municipality<\/a>. Its calm waters are perfect to enjoy with children and it is delimited by a promenade where you can enjoy a wide range of services such as restaurants, ice-cream parlours and cafes. It has been awarded the Blue Flag.<\/p>\n\n\n\n<figure class=\"wp-block-image size-full is-style-default\"><img loading=\"lazy\" width=\"835\" height=\"500\" src=\"https:\/\/blog.alquilereslg.com\/wp-content\/uploads\/2022\/02\/playa-arena-bol.jpg\" alt=\"playa arena bol calpe\" class=\"wp-image-1502\" srcset=\"https:\/\/blog.alquilereslg.com\/wp-content\/uploads\/2022\/02\/playa-arena-bol.jpg 835w, https:\/\/blog.alquilereslg.com\/wp-content\/uploads\/2022\/02\/playa-arena-bol-768x460.jpg 768w\" sizes=\"(max-width: 835px) 100vw, 835px\" \/><\/figure>\n\n\n\n<h3>La Fosa<\/h3>\n\n\n\n<p>To the north of the Pe\u00f1\u00f3n de Ifach, near the Salinas de Calpe, we find the beach of La Fossa, also known as Levante beach. An urban beach, with street access and delimited by a well-kept promenade where you can enjoy restaurants, pubs and shops. It has also been awarded the Blue Flag.<\/p>\n\n\n\n<figure class=\"wp-block-image size-full is-style-default\"><img loading=\"lazy\" width=\"835\" height=\"500\" src=\"https:\/\/blog.alquilereslg.com\/wp-content\/uploads\/2022\/02\/la-fossa-calpe-playa.jpg\" alt=\"\" class=\"wp-image-1508\" srcset=\"https:\/\/blog.alquilereslg.com\/wp-content\/uploads\/2022\/02\/la-fossa-calpe-playa.jpg 835w, https:\/\/blog.alquilereslg.com\/wp-content\/uploads\/2022\/02\/la-fossa-calpe-playa-768x460.jpg 768w\" sizes=\"(max-width: 835px) 100vw, 835px\" \/><\/figure>\n\n\n\n<h3>Cala del Morell\u00f3<\/h3>\n\n\n\n<p>Located on the Infanta Elena promenade, next to the Torre del Mol\u00ed, after which it is named, we find this small cove of fine sand. From this cove we can access the Ba\u00f1os de la Reina (Queen&#8217;s Baths), a set of structures from the Roman period that housed an old fish farm.<\/p>\n\n\n\n<figure class=\"wp-block-image size-full is-style-default\"><img loading=\"lazy\" width=\"835\" height=\"500\" src=\"https:\/\/blog.alquilereslg.com\/wp-content\/uploads\/2022\/02\/cala-morello-calpe.jpg\" alt=\"\" class=\"wp-image-1514\" srcset=\"https:\/\/blog.alquilereslg.com\/wp-content\/uploads\/2022\/02\/cala-morello-calpe.jpg 835w, https:\/\/blog.alquilereslg.com\/wp-content\/uploads\/2022\/02\/cala-morello-calpe-768x460.jpg 768w\" sizes=\"(max-width: 835px) 100vw, 835px\" \/><\/figure>\n\n\n\n<h3>Playa Cantal Roig<\/h3>\n\n\n\n<p>Junto al puerto pesquero, disponiendo de acceso por calle, se sit\u00faa la playa <strong>Cantal Roig<\/strong>. Una peque\u00f1a y tranquila cala desde la que podr\u00e1s contemplar la llegada de los barcos al puerto y degustar la <strong>gastronom\u00eda<\/strong> local en los restaurantes de alrededor. Cuenta con el distintivo <strong>Bandera Azul<\/strong>.<\/p>\n\n\n\n<figure class=\"wp-block-image size-full is-style-default\"><img loading=\"lazy\" width=\"835\" height=\"500\" src=\"https:\/\/blog.alquilereslg.com\/wp-content\/uploads\/2022\/02\/playa-cantal-calpe.jpg\" alt=\"\" class=\"wp-image-1520\" srcset=\"https:\/\/blog.alquilereslg.com\/wp-content\/uploads\/2022\/02\/playa-cantal-calpe.jpg 835w, https:\/\/blog.alquilereslg.com\/wp-content\/uploads\/2022\/02\/playa-cantal-calpe-768x460.jpg 768w\" sizes=\"(max-width: 835px) 100vw, 835px\" \/><\/figure>\n\n\n\n<h2>Beaches and pebble coves<\/h2>\n\n\n\n<p>Next to the fishing port, with street access, is Cantal Roig beach. A small, quiet cove from where you can watch the boats arrive at the port and enjoy the local gastronomy in the surrounding restaurants. It has been awarded the Blue Flag.<\/p>\n\n\n\n<h3>Cala Calalga<\/h3>\n\n\n\n<p>Next to the Calalga park, at the end of the north side of La Fossa beach, this curious cove of fine sand and pebbles surprises us with the vegetation that accumulates on its rocks. We can access it via a ramp located on the pedestrian walkway.<\/p>\n\n\n\n<figure class=\"wp-block-image size-full is-style-default\"><img loading=\"lazy\" width=\"835\" height=\"500\" src=\"https:\/\/blog.alquilereslg.com\/wp-content\/uploads\/2022\/02\/playa-calalga-calpe-alicante.jpg\" alt=\"\" class=\"wp-image-1526\" srcset=\"https:\/\/blog.alquilereslg.com\/wp-content\/uploads\/2022\/02\/playa-calalga-calpe-alicante.jpg 835w, https:\/\/blog.alquilereslg.com\/wp-content\/uploads\/2022\/02\/playa-calalga-calpe-alicante-768x460.jpg 768w\" sizes=\"(max-width: 835px) 100vw, 835px\" \/><\/figure>\n\n\n\n<h3>Puerto Blanco<\/h3>\n\n\n\n<p>Located next to the Puerto Blanco marina, with the same name, we find this small cove of pebbles and coarse sand that stands out for its calm and crystalline waters.<\/p>\n\n\n\n<figure class=\"wp-block-image size-full is-style-default\"><img loading=\"lazy\" width=\"835\" height=\"500\" src=\"https:\/\/blog.alquilereslg.com\/wp-content\/uploads\/2022\/02\/puerto-blanco-playa-calpe.jpg\" alt=\"\" class=\"wp-image-1532\" srcset=\"https:\/\/blog.alquilereslg.com\/wp-content\/uploads\/2022\/02\/puerto-blanco-playa-calpe.jpg 835w, https:\/\/blog.alquilereslg.com\/wp-content\/uploads\/2022\/02\/puerto-blanco-playa-calpe-768x460.jpg 768w\" sizes=\"(max-width: 835px) 100vw, 835px\" \/><\/figure>\n\n\n\n<h3>Les Urques<\/h3>\n\n\n\n<p>To the south of the coast, also close to Puerto Blanco, is Cala Les Urques. Perfect for enjoying the sea with your pet, as it is a dog-friendly beach.<\/p>\n\n\n\n<figure class=\"wp-block-image size-full is-style-default\"><img loading=\"lazy\" width=\"835\" height=\"500\" src=\"https:\/\/blog.alquilereslg.com\/wp-content\/uploads\/2022\/02\/playa-urques-calpe.jpg\" alt=\"\" class=\"wp-image-1538\" srcset=\"https:\/\/blog.alquilereslg.com\/wp-content\/uploads\/2022\/02\/playa-urques-calpe.jpg 835w, https:\/\/blog.alquilereslg.com\/wp-content\/uploads\/2022\/02\/playa-urques-calpe-768x460.jpg 768w\" sizes=\"(max-width: 835px) 100vw, 835px\" \/><\/figure>\n\n\n\n<figure class=\"wp-block-image size-full is-style-default\"><img loading=\"lazy\" width=\"700\" height=\"470\" src=\"https:\/\/blog.alquilereslg.com\/wp-content\/uploads\/2022\/02\/playa-urques-perros-permitido.jpg\" alt=\"\" class=\"wp-image-1544\"\/><\/figure>\n\n\n\n<h3>La Manzanera<\/h3>\n\n\n\n<p>Next to the Urbanizaci\u00f3n La Manzanera we find this small cove from where you can enjoy the view of the recognisable buildings of the architect Ricardo Bofill.<\/p>\n\n\n\n<figure class=\"wp-block-image size-full is-style-default\"><img loading=\"lazy\" width=\"835\" height=\"500\" src=\"https:\/\/blog.alquilereslg.com\/wp-content\/uploads\/2022\/02\/playa-manzanera-calpe-bofill.jpg\" alt=\"\" class=\"wp-image-1550\" srcset=\"https:\/\/blog.alquilereslg.com\/wp-content\/uploads\/2022\/02\/playa-manzanera-calpe-bofill.jpg 835w, https:\/\/blog.alquilereslg.com\/wp-content\/uploads\/2022\/02\/playa-manzanera-calpe-bofill-768x460.jpg 768w\" sizes=\"(max-width: 835px) 100vw, 835px\" \/><\/figure>\n\n\n\n<h3>El Rac\u00f3<\/h3>\n\n\n\n<p>This small cove is located at the foot of the Pe\u00f1\u00f3n de Ifach. Known for its underwater path, perfect for diving, unique in the Comunitat Valenciana. The Pr\u00edncipe de Asturias ecological walk starts from El Rac\u00f3.<\/p>\n\n\n\n<figure class=\"wp-block-image size-full is-style-default\"><img loading=\"lazy\" width=\"835\" height=\"500\" src=\"https:\/\/blog.alquilereslg.com\/wp-content\/uploads\/2022\/02\/raco-calpe-playa.jpg\" alt=\"\" class=\"wp-image-1556\" srcset=\"https:\/\/blog.alquilereslg.com\/wp-content\/uploads\/2022\/02\/raco-calpe-playa.jpg 835w, https:\/\/blog.alquilereslg.com\/wp-content\/uploads\/2022\/02\/raco-calpe-playa-768x460.jpg 768w\" sizes=\"(max-width: 835px) 100vw, 835px\" \/><\/figure>\n\n\n\n<h3>Cala del Penyal<\/h3>\n\n\n\n<p>A natural cove with transparent waters. It can be reached by a small path on the north face of the Pe\u00f1\u00f3n de Ifach.<\/p>\n\n\n\n<figure class=\"wp-block-image size-full is-style-default\"><img loading=\"lazy\" width=\"835\" height=\"500\" src=\"https:\/\/blog.alquilereslg.com\/wp-content\/uploads\/2022\/02\/cala-penyal-calpe.jpg\" alt=\"\" class=\"wp-image-1562\" srcset=\"https:\/\/blog.alquilereslg.com\/wp-content\/uploads\/2022\/02\/cala-penyal-calpe.jpg 835w, https:\/\/blog.alquilereslg.com\/wp-content\/uploads\/2022\/02\/cala-penyal-calpe-768x460.jpg 768w\" sizes=\"(max-width: 835px) 100vw, 835px\" \/><\/figure>\n\n\n\n<h3>Cala del Mallorqu\u00ed<\/h3>\n\n\n\n<p>This small cove can be reached from the Voramar path. From the Mallorqu\u00ed cove we can make out a beautiful view of the north face of the Rock.<\/p>\n\n\n\n<figure class=\"wp-block-image size-full is-style-default\"><img loading=\"lazy\" width=\"835\" height=\"500\" src=\"https:\/\/blog.alquilereslg.com\/wp-content\/uploads\/2022\/02\/playa-calpe-mallorqui.jpg\" alt=\"\" class=\"wp-image-1568\" srcset=\"https:\/\/blog.alquilereslg.com\/wp-content\/uploads\/2022\/02\/playa-calpe-mallorqui.jpg 835w, https:\/\/blog.alquilereslg.com\/wp-content\/uploads\/2022\/02\/playa-calpe-mallorqui-768x460.jpg 768w\" sizes=\"(max-width: 835px) 100vw, 835px\" \/><\/figure>\n\n\n\n<h3>Cala Les Bassetes<\/h3>\n\n\n\n<p>Small and quiet cove located next to the marina of Les Bassetes formed by pebbles and a rocky platform.<\/p>\n\n\n\n<figure class=\"wp-block-image size-full is-style-default\"><img loading=\"lazy\" width=\"835\" height=\"500\" src=\"https:\/\/blog.alquilereslg.com\/wp-content\/uploads\/2022\/02\/playa-bassetes-calpe.jpg\" alt=\"\" class=\"wp-image-1574\" srcset=\"https:\/\/blog.alquilereslg.com\/wp-content\/uploads\/2022\/02\/playa-bassetes-calpe.jpg 835w, https:\/\/blog.alquilereslg.com\/wp-content\/uploads\/2022\/02\/playa-bassetes-calpe-768x460.jpg 768w\" sizes=\"(max-width: 835px) 100vw, 835px\" \/><\/figure>\n\n\n\n<h2>Coves accessible only by sea<\/h2>\n\n\n\n<p>Finally, to the south of Calpe we find El Collao and Gasparet, two coves of pebbles that can only be accessed by sea, with views of the silhouette of the Sierra de Toix mountain range, perfect for diving and fishing.<\/p>\n\n\n\n<figure class=\"wp-block-image size-full is-resized\"><img src=\"https:\/\/blog.alquilereslg.com\/wp-content\/uploads\/2021\/06\/@88dasilva.jpg\" alt=\"cala El Collao en Calpe\" class=\"wp-image-1035\" width=\"600\" srcset=\"https:\/\/blog.alquilereslg.com\/wp-content\/uploads\/2021\/06\/@88dasilva.jpg 1080w, https:\/\/blog.alquilereslg.com\/wp-content\/uploads\/2021\/06\/@88dasilva-768x576.jpg 768w\" sizes=\"(max-width: 1080px) 100vw, 1080px\" \/><figcaption>Cala El Collao fotografiada por @88dasilva<\/figcaption><\/figure>\n\n\n\n<h2>Holiday rentals in Calpe<\/h2>\n\n\n\n<p>They are perfect, aren&#8217;t they?<\/p>\n\n\n\n<p>Well, now that you know all the beaches that bathe our town, surely you are already thinking about renting a holiday rental and spending your holidays in Calpe.<\/p>\n\n\n\n<p>At LG Rentals we offer you <a href=\"https:\/\/www.alquilereslg.com\/en\/rentals\/holidays-rentals-rentals-d0\/\" target=\"_blank\" rel=\"noreferrer noopener\">a wide range of accommodation to spend your holidays<\/a> with your family, as a couple or with friends, with capacity for two to five people and fully equipped with the furniture and appliances you may need.<\/p>\n\n\n\n<p>You will fall in love with Calpe!<\/p>\n","protected":false},"excerpt":{"rendered":"<p>Whether it is for Easter, a weekend or you are thinking of renting a flat for your holidays, the offer&#8230;<\/p>\n","protected":false},"author":2,"featured_media":1066,"comment_status":"open","ping_status":"open","sticky":false,"template":"","format":"standard","meta":[],"categories":[139],"tags":[],"yoast_head":"<!-- This site is optimized with the Yoast SEO plugin v18.3 - https:\/\/yoast.com\/wordpress\/plugins\/seo\/ -->\n<title>Discover all the beaches and coves of Calpe - Blog de Alquileres LG - Apartments and villas to rent<\/title>\n<meta name=\"robots\" content=\"index, follow, max-snippet:-1, max-image-preview:large, max-video-preview:-1\" \/>\n<link rel=\"canonical\" href=\"https:\/\/blog.alquilereslg.com\/en\/discover-all-the-beaches-and-coves-of-calpe\/\" \/>\n<meta property=\"og:locale\" content=\"en_US\" \/>\n<meta property=\"og:type\" content=\"article\" \/>\n<meta property=\"og:title\" content=\"Discover all the beaches and coves of Calpe - Blog de Alquileres LG - Apartments and villas to rent\" \/>\n<meta property=\"og:description\" content=\"Whether it is for Easter, a weekend or you are thinking of renting a flat for your holidays, the offer...\" \/>\n<meta property=\"og:url\" content=\"https:\/\/blog.alquilereslg.com\/en\/discover-all-the-beaches-and-coves-of-calpe\/\" \/>\n<meta property=\"og:site_name\" content=\"Blog de Alquileres LG - Apartments and villas to rent\" \/>\n<meta property=\"article:published_time\" content=\"2022-02-24T08:46:25+00:00\" \/>\n<meta property=\"article:modified_time\" content=\"2022-02-24T19:46:28+00:00\" \/>\n<meta property=\"og:image\" content=\"https:\/\/blog.alquilereslg.com\/wp-content\/uploads\/2021\/06\/playa-calpe-1.jpg\" \/>\n\t<meta property=\"og:image:width\" content=\"1080\" \/>\n\t<meta property=\"og:image:height\" content=\"1350\" \/>\n\t<meta property=\"og:image:type\" content=\"image\/jpeg\" \/>\n<meta name=\"twitter:card\" content=\"summary_large_image\" \/>\n<meta name=\"twitter:label1\" content=\"Written by\" \/>\n\t<meta name=\"twitter:data1\" content=\"alquilereslg\" \/>\n\t<meta name=\"twitter:label2\" content=\"Est. reading time\" \/>\n\t<meta name=\"twitter:data2\" content=\"7 minutes\" \/>\n<script type=\"application\/ld+json\" class=\"yoast-schema-graph\">{\"@context\":\"https:\/\/schema.org\",\"@graph\":[{\"@type\":\"Organization\",\"@id\":\"https:\/\/blog.alquilereslg.com\/#organization\",\"name\":\"Alquileres LG\",\"url\":\"https:\/\/blog.alquilereslg.com\/\",\"sameAs\":[],\"logo\":{\"@type\":\"ImageObject\",\"@id\":\"https:\/\/blog.alquilereslg.com\/#logo\",\"inLanguage\":\"en-US\",\"url\":\"https:\/\/blog.alquilereslg.com\/wp-content\/uploads\/2020\/08\/logo.jpg\",\"contentUrl\":\"https:\/\/blog.alquilereslg.com\/wp-content\/uploads\/2020\/08\/logo.jpg\",\"width\":918,\"height\":179,\"caption\":\"Alquileres LG\"},\"image\":{\"@id\":\"https:\/\/blog.alquilereslg.com\/#logo\"}},{\"@type\":\"WebSite\",\"@id\":\"https:\/\/blog.alquilereslg.com\/#website\",\"url\":\"https:\/\/blog.alquilereslg.com\/\",\"name\":\"Blog de Alquileres LG - Apartments and villas to rent\",\"description\":\"News to enjoy your stay in our holiday flats and holiday homes\",\"publisher\":{\"@id\":\"https:\/\/blog.alquilereslg.com\/#organization\"},\"potentialAction\":[{\"@type\":\"SearchAction\",\"target\":{\"@type\":\"EntryPoint\",\"urlTemplate\":\"https:\/\/blog.alquilereslg.com\/?s={search_term_string}\"},\"query-input\":\"required name=search_term_string\"}],\"inLanguage\":\"en-US\"},{\"@type\":\"ImageObject\",\"@id\":\"https:\/\/blog.alquilereslg.com\/en\/discover-all-the-beaches-and-coves-of-calpe\/#primaryimage\",\"inLanguage\":\"en-US\",\"url\":\"https:\/\/blog.alquilereslg.com\/wp-content\/uploads\/2021\/06\/playa-calpe-1.jpg\",\"contentUrl\":\"https:\/\/blog.alquilereslg.com\/wp-content\/uploads\/2021\/06\/playa-calpe-1.jpg\",\"width\":1080,\"height\":1350,\"caption\":\"playa de Calpe vista desde uno de nuestros apartamentos de alquiler vacacional\"},{\"@type\":[\"WebPage\",\"ItemPage\"],\"@id\":\"https:\/\/blog.alquilereslg.com\/en\/discover-all-the-beaches-and-coves-of-calpe\/#webpage\",\"url\":\"https:\/\/blog.alquilereslg.com\/en\/discover-all-the-beaches-and-coves-of-calpe\/\",\"name\":\"Discover all the beaches and coves of Calpe - Blog de Alquileres LG - Apartments and villas to rent\",\"isPartOf\":{\"@id\":\"https:\/\/blog.alquilereslg.com\/#website\"},\"primaryImageOfPage\":{\"@id\":\"https:\/\/blog.alquilereslg.com\/en\/discover-all-the-beaches-and-coves-of-calpe\/#primaryimage\"},\"datePublished\":\"2022-02-24T08:46:25+00:00\",\"dateModified\":\"2022-02-24T19:46:28+00:00\",\"breadcrumb\":{\"@id\":\"https:\/\/blog.alquilereslg.com\/en\/discover-all-the-beaches-and-coves-of-calpe\/#breadcrumb\"},\"inLanguage\":\"en-US\",\"potentialAction\":[{\"@type\":\"ReadAction\",\"target\":[\"https:\/\/blog.alquilereslg.com\/en\/discover-all-the-beaches-and-coves-of-calpe\/\"]}]},{\"@type\":\"BreadcrumbList\",\"@id\":\"https:\/\/blog.alquilereslg.com\/en\/discover-all-the-beaches-and-coves-of-calpe\/#breadcrumb\",\"itemListElement\":[{\"@type\":\"ListItem\",\"position\":1,\"name\":\"Portada\",\"item\":\"https:\/\/blog.alquilereslg.com\/en\/\"},{\"@type\":\"ListItem\",\"position\":2,\"name\":\"Discover all the beaches and coves of Calpe\"}]},{\"@type\":\"Article\",\"@id\":\"https:\/\/blog.alquilereslg.com\/en\/discover-all-the-beaches-and-coves-of-calpe\/#article\",\"isPartOf\":{\"@id\":\"https:\/\/blog.alquilereslg.com\/en\/discover-all-the-beaches-and-coves-of-calpe\/#webpage\"},\"author\":{\"@id\":\"https:\/\/blog.alquilereslg.com\/#\/schema\/person\/bb1579a56e638390be3a2f9054a722bd\"},\"headline\":\"Discover all the beaches and coves of Calpe\",\"datePublished\":\"2022-02-24T08:46:25+00:00\",\"dateModified\":\"2022-02-24T19:46:28+00:00\",\"mainEntityOfPage\":{\"@id\":\"https:\/\/blog.alquilereslg.com\/en\/discover-all-the-beaches-and-coves-of-calpe\/#webpage\"},\"wordCount\":838,\"commentCount\":0,\"publisher\":{\"@id\":\"https:\/\/blog.alquilereslg.com\/#organization\"},\"image\":{\"@id\":\"https:\/\/blog.alquilereslg.com\/en\/discover-all-the-beaches-and-coves-of-calpe\/#primaryimage\"},\"thumbnailUrl\":\"https:\/\/blog.alquilereslg.com\/wp-content\/uploads\/2021\/06\/playa-calpe-1.jpg\",\"articleSection\":[\"beaches\"],\"inLanguage\":\"en-US\",\"potentialAction\":[{\"@type\":\"CommentAction\",\"name\":\"Comment\",\"target\":[\"https:\/\/blog.alquilereslg.com\/en\/discover-all-the-beaches-and-coves-of-calpe\/#respond\"]}]},{\"@type\":\"Person\",\"@id\":\"https:\/\/blog.alquilereslg.com\/#\/schema\/person\/bb1579a56e638390be3a2f9054a722bd\",\"name\":\"alquilereslg\",\"image\":{\"@type\":\"ImageObject\",\"@id\":\"https:\/\/blog.alquilereslg.com\/#personlogo\",\"inLanguage\":\"en-US\",\"url\":\"https:\/\/secure.gravatar.com\/avatar\/7916667fc9eb6e53f12bddc670dafd72?s=96&d=mm&r=g\",\"contentUrl\":\"https:\/\/secure.gravatar.com\/avatar\/7916667fc9eb6e53f12bddc670dafd72?s=96&d=mm&r=g\",\"caption\":\"alquilereslg\"},\"url\":\"https:\/\/blog.alquilereslg.com\/en\/author\/alquilereslg\/\"}]}<\/script>\n<!-- \/ Yoast SEO plugin. -->","yoast_head_json":{"title":"Discover all the beaches and coves of Calpe - Blog de Alquileres LG - Apartments and villas to rent","robots":{"index":"index","follow":"follow","max-snippet":"max-snippet:-1","max-image-preview":"max-image-preview:large","max-video-preview":"max-video-preview:-1"},"canonical":"https:\/\/blog.alquilereslg.com\/en\/discover-all-the-beaches-and-coves-of-calpe\/","og_locale":"en_US","og_type":"article","og_title":"Discover all the beaches and coves of Calpe - Blog de Alquileres LG - Apartments and villas to rent","og_description":"Whether it is for Easter, a weekend or you are thinking of renting a flat for your holidays, the offer...","og_url":"https:\/\/blog.alquilereslg.com\/en\/discover-all-the-beaches-and-coves-of-calpe\/","og_site_name":"Blog de Alquileres LG - Apartments and villas to rent","article_published_time":"2022-02-24T08:46:25+00:00","article_modified_time":"2022-02-24T19:46:28+00:00","og_image":[{"width":1080,"height":1350,"url":"https:\/\/blog.alquilereslg.com\/wp-content\/uploads\/2021\/06\/playa-calpe-1.jpg","type":"image\/jpeg"}],"twitter_card":"summary_large_image","twitter_misc":{"Written by":"alquilereslg","Est. reading time":"7 minutes"},"schema":{"@context":"https:\/\/schema.org","@graph":[{"@type":"Organization","@id":"https:\/\/blog.alquilereslg.com\/#organization","name":"Alquileres LG","url":"https:\/\/blog.alquilereslg.com\/","sameAs":[],"logo":{"@type":"ImageObject","@id":"https:\/\/blog.alquilereslg.com\/#logo","inLanguage":"en-US","url":"https:\/\/blog.alquilereslg.com\/wp-content\/uploads\/2020\/08\/logo.jpg","contentUrl":"https:\/\/blog.alquilereslg.com\/wp-content\/uploads\/2020\/08\/logo.jpg","width":918,"height":179,"caption":"Alquileres LG"},"image":{"@id":"https:\/\/blog.alquilereslg.com\/#logo"}},{"@type":"WebSite","@id":"https:\/\/blog.alquilereslg.com\/#website","url":"https:\/\/blog.alquilereslg.com\/","name":"Blog de Alquileres LG - Apartments and villas to rent","description":"News to enjoy your stay in our holiday flats and holiday homes","publisher":{"@id":"https:\/\/blog.alquilereslg.com\/#organization"},"potentialAction":[{"@type":"SearchAction","target":{"@type":"EntryPoint","urlTemplate":"https:\/\/blog.alquilereslg.com\/?s={search_term_string}"},"query-input":"required name=search_term_string"}],"inLanguage":"en-US"},{"@type":"ImageObject","@id":"https:\/\/blog.alquilereslg.com\/en\/discover-all-the-beaches-and-coves-of-calpe\/#primaryimage","inLanguage":"en-US","url":"https:\/\/blog.alquilereslg.com\/wp-content\/uploads\/2021\/06\/playa-calpe-1.jpg","contentUrl":"https:\/\/blog.alquilereslg.com\/wp-content\/uploads\/2021\/06\/playa-calpe-1.jpg","width":1080,"height":1350,"caption":"playa de Calpe vista desde uno de nuestros apartamentos de alquiler vacacional"},{"@type":["WebPage","ItemPage"],"@id":"https:\/\/blog.alquilereslg.com\/en\/discover-all-the-beaches-and-coves-of-calpe\/#webpage","url":"https:\/\/blog.alquilereslg.com\/en\/discover-all-the-beaches-and-coves-of-calpe\/","name":"Discover all the beaches and coves of Calpe - Blog de Alquileres LG - Apartments and villas to rent","isPartOf":{"@id":"https:\/\/blog.alquilereslg.com\/#website"},"primaryImageOfPage":{"@id":"https:\/\/blog.alquilereslg.com\/en\/discover-all-the-beaches-and-coves-of-calpe\/#primaryimage"},"datePublished":"2022-02-24T08:46:25+00:00","dateModified":"2022-02-24T19:46:28+00:00","breadcrumb":{"@id":"https:\/\/blog.alquilereslg.com\/en\/discover-all-the-beaches-and-coves-of-calpe\/#breadcrumb"},"inLanguage":"en-US","potentialAction":[{"@type":"ReadAction","target":["https:\/\/blog.alquilereslg.com\/en\/discover-all-the-beaches-and-coves-of-calpe\/"]}]},{"@type":"BreadcrumbList","@id":"https:\/\/blog.alquilereslg.com\/en\/discover-all-the-beaches-and-coves-of-calpe\/#breadcrumb","itemListElement":[{"@type":"ListItem","position":1,"name":"Portada","item":"https:\/\/blog.alquilereslg.com\/en\/"},{"@type":"ListItem","position":2,"name":"Discover all the beaches and coves of Calpe"}]},{"@type":"Article","@id":"https:\/\/blog.alquilereslg.com\/en\/discover-all-the-beaches-and-coves-of-calpe\/#article","isPartOf":{"@id":"https:\/\/blog.alquilereslg.com\/en\/discover-all-the-beaches-and-coves-of-calpe\/#webpage"},"author":{"@id":"https:\/\/blog.alquilereslg.com\/#\/schema\/person\/bb1579a56e638390be3a2f9054a722bd"},"headline":"Discover all the beaches and coves of Calpe","datePublished":"2022-02-24T08:46:25+00:00","dateModified":"2022-02-24T19:46:28+00:00","mainEntityOfPage":{"@id":"https:\/\/blog.alquilereslg.com\/en\/discover-all-the-beaches-and-coves-of-calpe\/#webpage"},"wordCount":838,"commentCount":0,"publisher":{"@id":"https:\/\/blog.alquilereslg.com\/#organization"},"image":{"@id":"https:\/\/blog.alquilereslg.com\/en\/discover-all-the-beaches-and-coves-of-calpe\/#primaryimage"},"thumbnailUrl":"https:\/\/blog.alquilereslg.com\/wp-content\/uploads\/2021\/06\/playa-calpe-1.jpg","articleSection":["beaches"],"inLanguage":"en-US","potentialAction":[{"@type":"CommentAction","name":"Comment","target":["https:\/\/blog.alquilereslg.com\/en\/discover-all-the-beaches-and-coves-of-calpe\/#respond"]}]},{"@type":"Person","@id":"https:\/\/blog.alquilereslg.com\/#\/schema\/person\/bb1579a56e638390be3a2f9054a722bd","name":"alquilereslg","image":{"@type":"ImageObject","@id":"https:\/\/blog.alquilereslg.com\/#personlogo","inLanguage":"en-US","url":"https:\/\/secure.gravatar.com\/avatar\/7916667fc9eb6e53f12bddc670dafd72?s=96&d=mm&r=g","contentUrl":"https:\/\/secure.gravatar.com\/avatar\/7916667fc9eb6e53f12bddc670dafd72?s=96&d=mm&r=g","caption":"alquilereslg"},"url":"https:\/\/blog.alquilereslg.com\/en\/author\/alquilereslg\/"}]}},"_links":{"self":[{"href":"https:\/\/blog.alquilereslg.com\/en\/wp-json\/wp\/v2\/posts\/1584"}],"collection":[{"href":"https:\/\/blog.alquilereslg.com\/en\/wp-json\/wp\/v2\/posts"}],"about":[{"href":"https:\/\/blog.alquilereslg.com\/en\/wp-json\/wp\/v2\/types\/post"}],"author":[{"embeddable":true,"href":"https:\/\/blog.alquilereslg.com\/en\/wp-json\/wp\/v2\/users\/2"}],"replies":[{"embeddable":true,"href":"https:\/\/blog.alquilereslg.com\/en\/wp-json\/wp\/v2\/comments?post=1584"}],"version-history":[{"count":3,"href":"https:\/\/blog.alquilereslg.com\/en\/wp-json\/wp\/v2\/posts\/1584\/revisions"}],"predecessor-version":[{"id":1593,"href":"https:\/\/blog.alquilereslg.com\/en\/wp-json\/wp\/v2\/posts\/1584\/revisions\/1593"}],"wp:featuredmedia":[{"embeddable":true,"href":"https:\/\/blog.alquilereslg.com\/en\/wp-json\/wp\/v2\/media\/1066"}],"wp:attachment":[{"href":"https:\/\/blog.alquilereslg.com\/en\/wp-json\/wp\/v2\/media?parent=1584"}],"wp:term":[{"taxonomy":"category","embeddable":true,"href":"https:\/\/blog.alquilereslg.com\/en\/wp-json\/wp\/v2\/categories?post=1584"},{"taxonomy":"post_tag","embeddable":true,"href":"https:\/\/blog.alquilereslg.com\/en\/wp-json\/wp\/v2\/tags?post=1584"}],"curies":[{"name":"wp","href":"https:\/\/api.w.org\/{rel}","templated":true}]}}