{"id":1588,"date":"2022-02-24T09:38:07","date_gmt":"2022-02-24T09:38:07","guid":{"rendered":"https:\/\/blog.alquilereslg.com\/?p=1588"},"modified":"2022-02-24T09:55:13","modified_gmt":"2022-02-24T09:55:13","slug":"decouvrez-toutes-les-plages-et-criques-de-calpe","status":"publish","type":"post","link":"https:\/\/blog.alquilereslg.com\/fr\/decouvrez-toutes-les-plages-et-criques-de-calpe\/","title":{"rendered":"D\u00e9couvrez toutes les plages et criques de Calpe"},"content":{"rendered":"\n<p>Que ce soit pour P\u00e2ques, un week-end ou que vous envisagiez de<a href=\"https:\/\/www.alquilereslg.com\/fr\/location\/location-locations-d0\/\" target=\"_blank\" rel=\"noreferrer noopener\"> louer un appartement pour vos vacances<\/a>, l&rsquo;offre que nous vous proposons est sans aucun doute la meilleure. Calpe b\u00e9n\u00e9ficie d&rsquo;une temp\u00e9rature annuelle moyenne de 18\u00ba, ce qui est id\u00e9al pour profiter de ses plages. Vous pouvez pratiquer de nombreuses activit\u00e9s : randonn\u00e9e, escalade, v\u00e9lo, kitesurf, p\u00eache, golf&#8230;&nbsp;Mais comme la chaleur revient progressivement, ce que vous souhaitez le plus, c&rsquo;est aller \u00e0 la plage.&nbsp;C&rsquo;est pourquoi nous allons vous r\u00e9v\u00e9ler les quatorze plages et criques que vous trouverez dans ce paradis de la Costa Blanca.<\/p>\n\n\n\n<h2>Plages et criques de sable fin<\/h2>\n\n\n\n<p>Parfait pour se promener, faire du sport ou simplement profiter de la mer. Si vous d\u00e9testez les rochers et les galets, les <a href=\"https:\/\/www.calpe.es\/fr\/plages\" target=\"_blank\" rel=\"noreferrer noopener nofollow\">plages de sable<\/a> fin sont faites pour vous. Arena-Bol et La Fossa sont les plus populaires et les plus fr\u00e9quent\u00e9s. A propos, nous donnons cr\u00e9dit aux images que vous verrez ci-dessous, propri\u00e9t\u00e9 de la mairie de Calpe, elles sont incroyables.<\/p>\n\n\n\n<h3>Plage Arena-Bol<\/h3>\n\n\n\n<p>Situ\u00e9e dans la zone urbaine de Calpe, avec acc\u00e8s par la rue, la plage de l&rsquo;Arena-Bol se distingue comme l&rsquo;une des plages les plus fr\u00e9quent\u00e9es de la municipalit\u00e9. Ses eaux calmes sont parfaites pour en profiter avec les enfants et elle est d\u00e9limit\u00e9e par une promenade o\u00f9 vous pourrez profiter d&rsquo;un large \u00e9ventail de services tels que des restaurants, des glaciers et des caf\u00e9s. Il a re\u00e7u le drapeau bleu.<\/p>\n\n\n\n<figure class=\"wp-block-image size-full is-style-default\"><img loading=\"lazy\" width=\"835\" height=\"500\" src=\"https:\/\/blog.alquilereslg.com\/wp-content\/uploads\/2022\/02\/playa-arena-bol.jpg\" alt=\"playa arena bol calpe\" class=\"wp-image-1502\" srcset=\"https:\/\/blog.alquilereslg.com\/wp-content\/uploads\/2022\/02\/playa-arena-bol.jpg 835w, https:\/\/blog.alquilereslg.com\/wp-content\/uploads\/2022\/02\/playa-arena-bol-768x460.jpg 768w\" sizes=\"(max-width: 835px) 100vw, 835px\" \/><\/figure>\n\n\n\n<h3>La Fossa<\/h3>\n\n\n\n<p>Au nord du Pe\u00f1\u00f3n de Ifach, pr\u00e8s des Salinas de Calpe, se trouve la plage de La Fossa, \u00e9galement connue sous le nom de plage de Levante. Une plage urbaine, avec un acc\u00e8s par la rue et d\u00e9limit\u00e9e par une promenade bien entretenue o\u00f9 vous pourrez profiter de restaurants, de pubs et de boutiques. Elle a \u00e9galement re\u00e7u le drapeau bleu.<\/p>\n\n\n\n<figure class=\"wp-block-image size-full is-style-default\"><img loading=\"lazy\" width=\"835\" height=\"500\" src=\"https:\/\/blog.alquilereslg.com\/wp-content\/uploads\/2022\/02\/la-fossa-calpe-playa.jpg\" alt=\"\" class=\"wp-image-1508\" srcset=\"https:\/\/blog.alquilereslg.com\/wp-content\/uploads\/2022\/02\/la-fossa-calpe-playa.jpg 835w, https:\/\/blog.alquilereslg.com\/wp-content\/uploads\/2022\/02\/la-fossa-calpe-playa-768x460.jpg 768w\" sizes=\"(max-width: 835px) 100vw, 835px\" \/><\/figure>\n\n\n\n<h3>Anse Morell\u00f3<\/h3>\n\n\n\n<p>Situ\u00e9e sur la promenade de l&rsquo;Infanta Elena, \u00e0 c\u00f4t\u00e9 de la Torre del Mol\u00ed, dont elle porte le nom, nous trouvons cette petite crique de sable fin. Depuis cette crique, nous pouvons acc\u00e9der aux Ba\u00f1os de la Reina (bains de la Reine), un ensemble de structures de l&rsquo;\u00e9poque romaine qui abritait une ancienne pisciculture.<\/p>\n\n\n\n<figure class=\"wp-block-image size-full is-style-default\"><img loading=\"lazy\" width=\"835\" height=\"500\" src=\"https:\/\/blog.alquilereslg.com\/wp-content\/uploads\/2022\/02\/cala-morello-calpe.jpg\" alt=\"\" class=\"wp-image-1514\" srcset=\"https:\/\/blog.alquilereslg.com\/wp-content\/uploads\/2022\/02\/cala-morello-calpe.jpg 835w, https:\/\/blog.alquilereslg.com\/wp-content\/uploads\/2022\/02\/cala-morello-calpe-768x460.jpg 768w\" sizes=\"(max-width: 835px) 100vw, 835px\" \/><\/figure>\n\n\n\n<h3>Plage de Cantal Roig<\/h3>\n\n\n\n<p>\u00c0 c\u00f4t\u00e9 du port de p\u00eache, avec acc\u00e8s par la rue, se trouve la plage de Cantal Roig. Une petite crique tranquille d&rsquo;o\u00f9 vous pourrez regarder les bateaux arriver au port et profiter de la gastronomie locale dans les restaurants environnants. Il a re\u00e7u le drapeau bleu.<\/p>\n\n\n\n<figure class=\"wp-block-image size-full is-style-default\"><img loading=\"lazy\" width=\"835\" height=\"500\" src=\"https:\/\/blog.alquilereslg.com\/wp-content\/uploads\/2022\/02\/playa-cantal-calpe.jpg\" alt=\"\" class=\"wp-image-1520\" srcset=\"https:\/\/blog.alquilereslg.com\/wp-content\/uploads\/2022\/02\/playa-cantal-calpe.jpg 835w, https:\/\/blog.alquilereslg.com\/wp-content\/uploads\/2022\/02\/playa-cantal-calpe-768x460.jpg 768w\" sizes=\"(max-width: 835px) 100vw, 835px\" \/><\/figure>\n\n\n\n<h2>Plages de galets et criques<\/h2>\n\n\n\n<p>Si vous n&rsquo;avez aucun probl\u00e8me avec les pierres, ou si vous n&rsquo;aimez tout simplement pas le sable, nous vous pr\u00e9sentons dans cette section les magnifiques criques de galets qu&rsquo;offre Calpe, sculpt\u00e9es par la mer et le vent. Ici, la plong\u00e9e, la p\u00eache et la voile sont les activit\u00e9s les plus populaires.<\/p>\n\n\n\n<h3>Calalga Cove<\/h3>\n\n\n\n<p>\u00c0 c\u00f4t\u00e9 du parc Calalga, au bout du c\u00f4t\u00e9 nord de la plage de La Fossa, cette curieuse crique de sable fin et de galets nous surprend par la v\u00e9g\u00e9tation qui s&rsquo;accumule sur ses rochers. On peut y acc\u00e9der par une rampe situ\u00e9e sur la voie pi\u00e9tonne.<\/p>\n\n\n\n<figure class=\"wp-block-image size-full is-style-default\"><img loading=\"lazy\" width=\"835\" height=\"500\" src=\"https:\/\/blog.alquilereslg.com\/wp-content\/uploads\/2022\/02\/playa-calalga-calpe-alicante.jpg\" alt=\"\" class=\"wp-image-1526\" srcset=\"https:\/\/blog.alquilereslg.com\/wp-content\/uploads\/2022\/02\/playa-calalga-calpe-alicante.jpg 835w, https:\/\/blog.alquilereslg.com\/wp-content\/uploads\/2022\/02\/playa-calalga-calpe-alicante-768x460.jpg 768w\" sizes=\"(max-width: 835px) 100vw, 835px\" \/><\/figure>\n\n\n\n<h3>Puerto Blanco<\/h3>\n\n\n\n<p>Situ\u00e9e \u00e0 c\u00f4t\u00e9 de la marina Puerto Blanco, du m\u00eame nom, nous trouvons cette petite crique de galets et de sable grossier qui se distingue par ses eaux calmes et cristallines.<\/p>\n\n\n\n<figure class=\"wp-block-image size-full is-style-default\"><img loading=\"lazy\" width=\"835\" height=\"500\" src=\"https:\/\/blog.alquilereslg.com\/wp-content\/uploads\/2022\/02\/puerto-blanco-playa-calpe.jpg\" alt=\"\" class=\"wp-image-1532\" srcset=\"https:\/\/blog.alquilereslg.com\/wp-content\/uploads\/2022\/02\/puerto-blanco-playa-calpe.jpg 835w, https:\/\/blog.alquilereslg.com\/wp-content\/uploads\/2022\/02\/puerto-blanco-playa-calpe-768x460.jpg 768w\" sizes=\"(max-width: 835px) 100vw, 835px\" \/><\/figure>\n\n\n\n<h3>Les Urques<\/h3>\n\n\n\n<p>Au sud de la c\u00f4te, \u00e9galement proche de Puerto Blanco, se trouve la crique de Les Urques. Elle est parfaite pour profiter de la mer avec votre animal de compagnie, car c&rsquo;est une plage adapt\u00e9e aux chie<\/p>\n\n\n\n<figure class=\"wp-block-image size-full is-style-default\"><img loading=\"lazy\" width=\"835\" height=\"500\" src=\"https:\/\/blog.alquilereslg.com\/wp-content\/uploads\/2022\/02\/playa-urques-calpe.jpg\" alt=\"\" class=\"wp-image-1538\" srcset=\"https:\/\/blog.alquilereslg.com\/wp-content\/uploads\/2022\/02\/playa-urques-calpe.jpg 835w, https:\/\/blog.alquilereslg.com\/wp-content\/uploads\/2022\/02\/playa-urques-calpe-768x460.jpg 768w\" sizes=\"(max-width: 835px) 100vw, 835px\" \/><\/figure>\n\n\n\n<figure class=\"wp-block-image size-full is-style-default\"><img loading=\"lazy\" width=\"700\" height=\"470\" src=\"https:\/\/blog.alquilereslg.com\/wp-content\/uploads\/2022\/02\/playa-urques-perros-permitido.jpg\" alt=\"\" class=\"wp-image-1544\"\/><\/figure>\n\n\n\n<h3>La Manzanera<\/h3>\n\n\n\n<p>\u00c0 c\u00f4t\u00e9 de l&rsquo;Urbanizaci\u00f3n La Manzanera, vous trouverez cette petite crique d&rsquo;o\u00f9 vous pourrez profiter de la vue sur les b\u00e2timents reconnaissables de l&rsquo;architecte Ricardo Bofill.<\/p>\n\n\n\n<figure class=\"wp-block-image size-full is-style-default\"><img loading=\"lazy\" width=\"835\" height=\"500\" src=\"https:\/\/blog.alquilereslg.com\/wp-content\/uploads\/2022\/02\/playa-manzanera-calpe-bofill.jpg\" alt=\"\" class=\"wp-image-1550\" srcset=\"https:\/\/blog.alquilereslg.com\/wp-content\/uploads\/2022\/02\/playa-manzanera-calpe-bofill.jpg 835w, https:\/\/blog.alquilereslg.com\/wp-content\/uploads\/2022\/02\/playa-manzanera-calpe-bofill-768x460.jpg 768w\" sizes=\"(max-width: 835px) 100vw, 835px\" \/><\/figure>\n\n\n\n<h3>El Rac\u00f3<\/h3>\n\n\n\n<p>Cette petite crique est situ\u00e9e au pied du Pe\u00f1\u00f3n de Ifach. Elle est connue pour son sentier sous-marin, parfait pour la plong\u00e9e, unique dans la Communaut\u00e9 de Valence. La promenade \u00e9cologique Pr\u00edncipe de Asturias part de El Rac\u00f3.<\/p>\n\n\n\n<figure class=\"wp-block-image size-full is-style-default\"><img loading=\"lazy\" width=\"835\" height=\"500\" src=\"https:\/\/blog.alquilereslg.com\/wp-content\/uploads\/2022\/02\/raco-calpe-playa.jpg\" alt=\"\" class=\"wp-image-1556\" srcset=\"https:\/\/blog.alquilereslg.com\/wp-content\/uploads\/2022\/02\/raco-calpe-playa.jpg 835w, https:\/\/blog.alquilereslg.com\/wp-content\/uploads\/2022\/02\/raco-calpe-playa-768x460.jpg 768w\" sizes=\"(max-width: 835px) 100vw, 835px\" \/><\/figure>\n\n\n\n<h3>Anse Penyal<\/h3>\n\n\n\n<p>Une crique naturelle aux eaux transparentes. On y acc\u00e8de par un petit sentier sur la face nord du Pe\u00f1\u00f3n de Ifach<\/p>\n\n\n\n<figure class=\"wp-block-image size-full is-style-default\"><img loading=\"lazy\" width=\"835\" height=\"500\" src=\"https:\/\/blog.alquilereslg.com\/wp-content\/uploads\/2022\/02\/cala-penyal-calpe.jpg\" alt=\"\" class=\"wp-image-1562\" srcset=\"https:\/\/blog.alquilereslg.com\/wp-content\/uploads\/2022\/02\/cala-penyal-calpe.jpg 835w, https:\/\/blog.alquilereslg.com\/wp-content\/uploads\/2022\/02\/cala-penyal-calpe-768x460.jpg 768w\" sizes=\"(max-width: 835px) 100vw, 835px\" \/><\/figure>\n\n\n\n<h3>Mallorqu\u00ed Cove<\/h3>\n\n\n\n<p>Cette petite crique est accessible depuis le sentier Voramar. Depuis la crique Mallorqu\u00ed, on peut distinguer une belle vue de la face nord du Rocher<\/p>\n\n\n\n<figure class=\"wp-block-image size-full is-style-default\"><img loading=\"lazy\" width=\"835\" height=\"500\" src=\"https:\/\/blog.alquilereslg.com\/wp-content\/uploads\/2022\/02\/playa-calpe-mallorqui.jpg\" alt=\"\" class=\"wp-image-1568\" srcset=\"https:\/\/blog.alquilereslg.com\/wp-content\/uploads\/2022\/02\/playa-calpe-mallorqui.jpg 835w, https:\/\/blog.alquilereslg.com\/wp-content\/uploads\/2022\/02\/playa-calpe-mallorqui-768x460.jpg 768w\" sizes=\"(max-width: 835px) 100vw, 835px\" \/><\/figure>\n\n\n\n<h3>L&rsquo;anse des Bassetes<\/h3>\n\n\n\n<p>Une petite crique tranquille situ\u00e9e \u00e0 c\u00f4t\u00e9 du port de plaisance des Bassetes, form\u00e9e de galets et d&rsquo;une plate-forme rocheuse.<\/p>\n\n\n\n<figure class=\"wp-block-image size-full is-style-default\"><img loading=\"lazy\" width=\"835\" height=\"500\" src=\"https:\/\/blog.alquilereslg.com\/wp-content\/uploads\/2022\/02\/playa-bassetes-calpe.jpg\" alt=\"\" class=\"wp-image-1574\" srcset=\"https:\/\/blog.alquilereslg.com\/wp-content\/uploads\/2022\/02\/playa-bassetes-calpe.jpg 835w, https:\/\/blog.alquilereslg.com\/wp-content\/uploads\/2022\/02\/playa-bassetes-calpe-768x460.jpg 768w\" sizes=\"(max-width: 835px) 100vw, 835px\" \/><\/figure>\n\n\n\n<h2><br>Des criques accessibles uniquement par la mer<\/h2>\n\n\n\n<p>Enfin, au sud de Calpe se trouvent El Collao et Gasparet, deux criques de rochers accessibles uniquement par la mer, avec des vues sur la silhouette de la cha\u00eene de montagnes de la Sierra de Toix, parfaites pour la plong\u00e9e et la p\u00eache.<\/p>\n\n\n\n<figure class=\"wp-block-image size-full is-resized\"><img src=\"https:\/\/blog.alquilereslg.com\/wp-content\/uploads\/2021\/06\/@88dasilva.jpg\" alt=\"cala El Collao en Calpe\" class=\"wp-image-1035\" width=\"600\" srcset=\"https:\/\/blog.alquilereslg.com\/wp-content\/uploads\/2021\/06\/@88dasilva.jpg 1080w, https:\/\/blog.alquilereslg.com\/wp-content\/uploads\/2021\/06\/@88dasilva-768x576.jpg 768w\" sizes=\"(max-width: 1080px) 100vw, 1080px\" \/><figcaption>La crique d&rsquo;El Collao photographi\u00e9e par @88dasilva<\/figcaption><\/figure>\n\n\n\n<h2>Locations de vacances \u00e0 Calpe<\/h2>\n\n\n\n<p>Ils sont parfaits, n&rsquo;est-ce pas ?<\/p>\n\n\n\n<p>Eh bien, maintenant que vous connaissez toutes les plages qui baignent notre ville, vous pensez s\u00fbrement d\u00e9j\u00e0 \u00e0 venir louer et passer vos vacances \u00e0 Calpe.<\/p>\n\n\n\n<p>Chez LG Rentals, nous vous proposons <a href=\"https:\/\/www.alquilereslg.com\/fr\/location\/location-locations-d0\/\" target=\"_blank\" rel=\"noreferrer noopener\">un large \u00e9ventail de logements<\/a>, tant pour passer vos vacances en famille, en couple ou entre amis, avec une capacit\u00e9 de deux \u00e0 cinq personnes et enti\u00e8rement \u00e9quip\u00e9s du mobilier et des appareils dont vous pourriez avoir besoin.<\/p>\n\n\n\n<p>Vous allez tomber amoureux de Calpe!<\/p>\n","protected":false},"excerpt":{"rendered":"<p>Que ce soit pour P\u00e2ques, un week-end ou que vous envisagiez de louer un appartement pour vos vacances, l&rsquo;offre que&#8230;<\/p>\n","protected":false},"author":2,"featured_media":1067,"comment_status":"open","ping_status":"open","sticky":false,"template":"","format":"standard","meta":[],"categories":[141],"tags":[],"yoast_head":"<!-- This site is optimized with the Yoast SEO plugin v18.3 - https:\/\/yoast.com\/wordpress\/plugins\/seo\/ -->\n<title>D\u00e9couvrez toutes les plages et criques de Calpe - Blog de location lg - Appartements et villas<\/title>\n<meta name=\"robots\" content=\"index, follow, max-snippet:-1, max-image-preview:large, max-video-preview:-1\" \/>\n<link rel=\"canonical\" href=\"https:\/\/blog.alquilereslg.com\/fr\/decouvrez-toutes-les-plages-et-criques-de-calpe\/\" \/>\n<meta property=\"og:locale\" content=\"fr_FR\" \/>\n<meta property=\"og:type\" content=\"article\" \/>\n<meta property=\"og:title\" content=\"D\u00e9couvrez toutes les plages et criques de Calpe - Blog de location lg - Appartements et villas\" \/>\n<meta property=\"og:description\" content=\"Que ce soit pour P\u00e2ques, un week-end ou que vous envisagiez de louer un appartement pour vos vacances, l&rsquo;offre que...\" \/>\n<meta property=\"og:url\" content=\"https:\/\/blog.alquilereslg.com\/fr\/decouvrez-toutes-les-plages-et-criques-de-calpe\/\" \/>\n<meta property=\"og:site_name\" content=\"Blog de location lg - Appartements et villas\" \/>\n<meta property=\"article:published_time\" content=\"2022-02-24T09:38:07+00:00\" \/>\n<meta property=\"article:modified_time\" content=\"2022-02-24T09:55:13+00:00\" \/>\n<meta property=\"og:image\" content=\"https:\/\/blog.alquilereslg.com\/wp-content\/uploads\/2021\/06\/playa-calpe-1.jpg\" \/>\n\t<meta property=\"og:image:width\" content=\"1080\" \/>\n\t<meta property=\"og:image:height\" content=\"1350\" \/>\n\t<meta property=\"og:image:type\" content=\"image\/jpeg\" \/>\n<meta name=\"twitter:card\" content=\"summary_large_image\" \/>\n<meta name=\"twitter:label1\" content=\"\u00c9crit par\" \/>\n\t<meta name=\"twitter:data1\" content=\"alquilereslg\" \/>\n\t<meta name=\"twitter:label2\" content=\"Dur\u00e9e de lecture estim\u00e9e\" \/>\n\t<meta name=\"twitter:data2\" content=\"7 minutes\" \/>\n<script type=\"application\/ld+json\" class=\"yoast-schema-graph\">{\"@context\":\"https:\/\/schema.org\",\"@graph\":[{\"@type\":\"Organization\",\"@id\":\"https:\/\/blog.alquilereslg.com\/#organization\",\"name\":\"Alquileres LG\",\"url\":\"https:\/\/blog.alquilereslg.com\/\",\"sameAs\":[],\"logo\":{\"@type\":\"ImageObject\",\"@id\":\"https:\/\/blog.alquilereslg.com\/#logo\",\"inLanguage\":\"fr-FR\",\"url\":\"https:\/\/blog.alquilereslg.com\/wp-content\/uploads\/2020\/08\/logo.jpg\",\"contentUrl\":\"https:\/\/blog.alquilereslg.com\/wp-content\/uploads\/2020\/08\/logo.jpg\",\"width\":918,\"height\":179,\"caption\":\"Alquileres LG\"},\"image\":{\"@id\":\"https:\/\/blog.alquilereslg.com\/#logo\"}},{\"@type\":\"WebSite\",\"@id\":\"https:\/\/blog.alquilereslg.com\/#website\",\"url\":\"https:\/\/blog.alquilereslg.com\/\",\"name\":\"Blog de location lg - Appartements et villas\",\"description\":\"Nouvelles pour profiter de votre s\u00e9jour dans nos appartements et maisons de vacances\",\"publisher\":{\"@id\":\"https:\/\/blog.alquilereslg.com\/#organization\"},\"potentialAction\":[{\"@type\":\"SearchAction\",\"target\":{\"@type\":\"EntryPoint\",\"urlTemplate\":\"https:\/\/blog.alquilereslg.com\/?s={search_term_string}\"},\"query-input\":\"required name=search_term_string\"}],\"inLanguage\":\"fr-FR\"},{\"@type\":\"ImageObject\",\"@id\":\"https:\/\/blog.alquilereslg.com\/fr\/decouvrez-toutes-les-plages-et-criques-de-calpe\/#primaryimage\",\"inLanguage\":\"fr-FR\",\"url\":\"https:\/\/blog.alquilereslg.com\/wp-content\/uploads\/2021\/06\/playa-calpe-1.jpg\",\"contentUrl\":\"https:\/\/blog.alquilereslg.com\/wp-content\/uploads\/2021\/06\/playa-calpe-1.jpg\",\"width\":1080,\"height\":1350,\"caption\":\"playa de Calpe vista desde uno de nuestros apartamentos de alquiler vacacional\"},{\"@type\":[\"WebPage\",\"ItemPage\"],\"@id\":\"https:\/\/blog.alquilereslg.com\/fr\/decouvrez-toutes-les-plages-et-criques-de-calpe\/#webpage\",\"url\":\"https:\/\/blog.alquilereslg.com\/fr\/decouvrez-toutes-les-plages-et-criques-de-calpe\/\",\"name\":\"D\u00e9couvrez toutes les plages et criques de Calpe - Blog de location lg - Appartements et villas\",\"isPartOf\":{\"@id\":\"https:\/\/blog.alquilereslg.com\/#website\"},\"primaryImageOfPage\":{\"@id\":\"https:\/\/blog.alquilereslg.com\/fr\/decouvrez-toutes-les-plages-et-criques-de-calpe\/#primaryimage\"},\"datePublished\":\"2022-02-24T09:38:07+00:00\",\"dateModified\":\"2022-02-24T09:55:13+00:00\",\"breadcrumb\":{\"@id\":\"https:\/\/blog.alquilereslg.com\/fr\/decouvrez-toutes-les-plages-et-criques-de-calpe\/#breadcrumb\"},\"inLanguage\":\"fr-FR\",\"potentialAction\":[{\"@type\":\"ReadAction\",\"target\":[\"https:\/\/blog.alquilereslg.com\/fr\/decouvrez-toutes-les-plages-et-criques-de-calpe\/\"]}]},{\"@type\":\"BreadcrumbList\",\"@id\":\"https:\/\/blog.alquilereslg.com\/fr\/decouvrez-toutes-les-plages-et-criques-de-calpe\/#breadcrumb\",\"itemListElement\":[{\"@type\":\"ListItem\",\"position\":1,\"name\":\"Portada\",\"item\":\"https:\/\/blog.alquilereslg.com\/fr\/\"},{\"@type\":\"ListItem\",\"position\":2,\"name\":\"D\u00e9couvrez toutes les plages et criques de Calpe\"}]},{\"@type\":\"Article\",\"@id\":\"https:\/\/blog.alquilereslg.com\/fr\/decouvrez-toutes-les-plages-et-criques-de-calpe\/#article\",\"isPartOf\":{\"@id\":\"https:\/\/blog.alquilereslg.com\/fr\/decouvrez-toutes-les-plages-et-criques-de-calpe\/#webpage\"},\"author\":{\"@id\":\"https:\/\/blog.alquilereslg.com\/#\/schema\/person\/bb1579a56e638390be3a2f9054a722bd\"},\"headline\":\"D\u00e9couvrez toutes les plages et criques de Calpe\",\"datePublished\":\"2022-02-24T09:38:07+00:00\",\"dateModified\":\"2022-02-24T09:55:13+00:00\",\"mainEntityOfPage\":{\"@id\":\"https:\/\/blog.alquilereslg.com\/fr\/decouvrez-toutes-les-plages-et-criques-de-calpe\/#webpage\"},\"wordCount\":943,\"commentCount\":0,\"publisher\":{\"@id\":\"https:\/\/blog.alquilereslg.com\/#organization\"},\"image\":{\"@id\":\"https:\/\/blog.alquilereslg.com\/fr\/decouvrez-toutes-les-plages-et-criques-de-calpe\/#primaryimage\"},\"thumbnailUrl\":\"https:\/\/blog.alquilereslg.com\/wp-content\/uploads\/2021\/06\/playa-calpe-1.jpg\",\"articleSection\":[\"PLAGES\"],\"inLanguage\":\"fr-FR\",\"potentialAction\":[{\"@type\":\"CommentAction\",\"name\":\"Comment\",\"target\":[\"https:\/\/blog.alquilereslg.com\/fr\/decouvrez-toutes-les-plages-et-criques-de-calpe\/#respond\"]}]},{\"@type\":\"Person\",\"@id\":\"https:\/\/blog.alquilereslg.com\/#\/schema\/person\/bb1579a56e638390be3a2f9054a722bd\",\"name\":\"alquilereslg\",\"image\":{\"@type\":\"ImageObject\",\"@id\":\"https:\/\/blog.alquilereslg.com\/#personlogo\",\"inLanguage\":\"fr-FR\",\"url\":\"https:\/\/secure.gravatar.com\/avatar\/7916667fc9eb6e53f12bddc670dafd72?s=96&d=mm&r=g\",\"contentUrl\":\"https:\/\/secure.gravatar.com\/avatar\/7916667fc9eb6e53f12bddc670dafd72?s=96&d=mm&r=g\",\"caption\":\"alquilereslg\"},\"url\":\"https:\/\/blog.alquilereslg.com\/fr\/author\/alquilereslg\/\"}]}<\/script>\n<!-- \/ Yoast SEO plugin. -->","yoast_head_json":{"title":"D\u00e9couvrez toutes les plages et criques de Calpe - Blog de location lg - Appartements et villas","robots":{"index":"index","follow":"follow","max-snippet":"max-snippet:-1","max-image-preview":"max-image-preview:large","max-video-preview":"max-video-preview:-1"},"canonical":"https:\/\/blog.alquilereslg.com\/fr\/decouvrez-toutes-les-plages-et-criques-de-calpe\/","og_locale":"fr_FR","og_type":"article","og_title":"D\u00e9couvrez toutes les plages et criques de Calpe - Blog de location lg - Appartements et villas","og_description":"Que ce soit pour P\u00e2ques, un week-end ou que vous envisagiez de louer un appartement pour vos vacances, l&rsquo;offre que...","og_url":"https:\/\/blog.alquilereslg.com\/fr\/decouvrez-toutes-les-plages-et-criques-de-calpe\/","og_site_name":"Blog de location lg - Appartements et villas","article_published_time":"2022-02-24T09:38:07+00:00","article_modified_time":"2022-02-24T09:55:13+00:00","og_image":[{"width":1080,"height":1350,"url":"https:\/\/blog.alquilereslg.com\/wp-content\/uploads\/2021\/06\/playa-calpe-1.jpg","type":"image\/jpeg"}],"twitter_card":"summary_large_image","twitter_misc":{"\u00c9crit par":"alquilereslg","Dur\u00e9e de lecture estim\u00e9e":"7 minutes"},"schema":{"@context":"https:\/\/schema.org","@graph":[{"@type":"Organization","@id":"https:\/\/blog.alquilereslg.com\/#organization","name":"Alquileres LG","url":"https:\/\/blog.alquilereslg.com\/","sameAs":[],"logo":{"@type":"ImageObject","@id":"https:\/\/blog.alquilereslg.com\/#logo","inLanguage":"fr-FR","url":"https:\/\/blog.alquilereslg.com\/wp-content\/uploads\/2020\/08\/logo.jpg","contentUrl":"https:\/\/blog.alquilereslg.com\/wp-content\/uploads\/2020\/08\/logo.jpg","width":918,"height":179,"caption":"Alquileres LG"},"image":{"@id":"https:\/\/blog.alquilereslg.com\/#logo"}},{"@type":"WebSite","@id":"https:\/\/blog.alquilereslg.com\/#website","url":"https:\/\/blog.alquilereslg.com\/","name":"Blog de location lg - Appartements et villas","description":"Nouvelles pour profiter de votre s\u00e9jour dans nos appartements et maisons de vacances","publisher":{"@id":"https:\/\/blog.alquilereslg.com\/#organization"},"potentialAction":[{"@type":"SearchAction","target":{"@type":"EntryPoint","urlTemplate":"https:\/\/blog.alquilereslg.com\/?s={search_term_string}"},"query-input":"required name=search_term_string"}],"inLanguage":"fr-FR"},{"@type":"ImageObject","@id":"https:\/\/blog.alquilereslg.com\/fr\/decouvrez-toutes-les-plages-et-criques-de-calpe\/#primaryimage","inLanguage":"fr-FR","url":"https:\/\/blog.alquilereslg.com\/wp-content\/uploads\/2021\/06\/playa-calpe-1.jpg","contentUrl":"https:\/\/blog.alquilereslg.com\/wp-content\/uploads\/2021\/06\/playa-calpe-1.jpg","width":1080,"height":1350,"caption":"playa de Calpe vista desde uno de nuestros apartamentos de alquiler vacacional"},{"@type":["WebPage","ItemPage"],"@id":"https:\/\/blog.alquilereslg.com\/fr\/decouvrez-toutes-les-plages-et-criques-de-calpe\/#webpage","url":"https:\/\/blog.alquilereslg.com\/fr\/decouvrez-toutes-les-plages-et-criques-de-calpe\/","name":"D\u00e9couvrez toutes les plages et criques de Calpe - Blog de location lg - Appartements et villas","isPartOf":{"@id":"https:\/\/blog.alquilereslg.com\/#website"},"primaryImageOfPage":{"@id":"https:\/\/blog.alquilereslg.com\/fr\/decouvrez-toutes-les-plages-et-criques-de-calpe\/#primaryimage"},"datePublished":"2022-02-24T09:38:07+00:00","dateModified":"2022-02-24T09:55:13+00:00","breadcrumb":{"@id":"https:\/\/blog.alquilereslg.com\/fr\/decouvrez-toutes-les-plages-et-criques-de-calpe\/#breadcrumb"},"inLanguage":"fr-FR","potentialAction":[{"@type":"ReadAction","target":["https:\/\/blog.alquilereslg.com\/fr\/decouvrez-toutes-les-plages-et-criques-de-calpe\/"]}]},{"@type":"BreadcrumbList","@id":"https:\/\/blog.alquilereslg.com\/fr\/decouvrez-toutes-les-plages-et-criques-de-calpe\/#breadcrumb","itemListElement":[{"@type":"ListItem","position":1,"name":"Portada","item":"https:\/\/blog.alquilereslg.com\/fr\/"},{"@type":"ListItem","position":2,"name":"D\u00e9couvrez toutes les plages et criques de Calpe"}]},{"@type":"Article","@id":"https:\/\/blog.alquilereslg.com\/fr\/decouvrez-toutes-les-plages-et-criques-de-calpe\/#article","isPartOf":{"@id":"https:\/\/blog.alquilereslg.com\/fr\/decouvrez-toutes-les-plages-et-criques-de-calpe\/#webpage"},"author":{"@id":"https:\/\/blog.alquilereslg.com\/#\/schema\/person\/bb1579a56e638390be3a2f9054a722bd"},"headline":"D\u00e9couvrez toutes les plages et criques de Calpe","datePublished":"2022-02-24T09:38:07+00:00","dateModified":"2022-02-24T09:55:13+00:00","mainEntityOfPage":{"@id":"https:\/\/blog.alquilereslg.com\/fr\/decouvrez-toutes-les-plages-et-criques-de-calpe\/#webpage"},"wordCount":943,"commentCount":0,"publisher":{"@id":"https:\/\/blog.alquilereslg.com\/#organization"},"image":{"@id":"https:\/\/blog.alquilereslg.com\/fr\/decouvrez-toutes-les-plages-et-criques-de-calpe\/#primaryimage"},"thumbnailUrl":"https:\/\/blog.alquilereslg.com\/wp-content\/uploads\/2021\/06\/playa-calpe-1.jpg","articleSection":["PLAGES"],"inLanguage":"fr-FR","potentialAction":[{"@type":"CommentAction","name":"Comment","target":["https:\/\/blog.alquilereslg.com\/fr\/decouvrez-toutes-les-plages-et-criques-de-calpe\/#respond"]}]},{"@type":"Person","@id":"https:\/\/blog.alquilereslg.com\/#\/schema\/person\/bb1579a56e638390be3a2f9054a722bd","name":"alquilereslg","image":{"@type":"ImageObject","@id":"https:\/\/blog.alquilereslg.com\/#personlogo","inLanguage":"fr-FR","url":"https:\/\/secure.gravatar.com\/avatar\/7916667fc9eb6e53f12bddc670dafd72?s=96&d=mm&r=g","contentUrl":"https:\/\/secure.gravatar.com\/avatar\/7916667fc9eb6e53f12bddc670dafd72?s=96&d=mm&r=g","caption":"alquilereslg"},"url":"https:\/\/blog.alquilereslg.com\/fr\/author\/alquilereslg\/"}]}},"_links":{"self":[{"href":"https:\/\/blog.alquilereslg.com\/fr\/wp-json\/wp\/v2\/posts\/1588"}],"collection":[{"href":"https:\/\/blog.alquilereslg.com\/fr\/wp-json\/wp\/v2\/posts"}],"about":[{"href":"https:\/\/blog.alquilereslg.com\/fr\/wp-json\/wp\/v2\/types\/post"}],"author":[{"embeddable":true,"href":"https:\/\/blog.alquilereslg.com\/fr\/wp-json\/wp\/v2\/users\/2"}],"replies":[{"embeddable":true,"href":"https:\/\/blog.alquilereslg.com\/fr\/wp-json\/wp\/v2\/comments?post=1588"}],"version-history":[{"count":2,"href":"https:\/\/blog.alquilereslg.com\/fr\/wp-json\/wp\/v2\/posts\/1588\/revisions"}],"predecessor-version":[{"id":1590,"href":"https:\/\/blog.alquilereslg.com\/fr\/wp-json\/wp\/v2\/posts\/1588\/revisions\/1590"}],"wp:featuredmedia":[{"embeddable":true,"href":"https:\/\/blog.alquilereslg.com\/fr\/wp-json\/wp\/v2\/media\/1067"}],"wp:attachment":[{"href":"https:\/\/blog.alquilereslg.com\/fr\/wp-json\/wp\/v2\/media?parent=1588"}],"wp:term":[{"taxonomy":"category","embeddable":true,"href":"https:\/\/blog.alquilereslg.com\/fr\/wp-json\/wp\/v2\/categories?post=1588"},{"taxonomy":"post_tag","embeddable":true,"href":"https:\/\/blog.alquilereslg.com\/fr\/wp-json\/wp\/v2\/tags?post=1588"}],"curies":[{"name":"wp","href":"https:\/\/api.w.org\/{rel}","templated":true}]}}