{"id":2580,"date":"2025-03-17T11:19:58","date_gmt":"2025-03-17T11:19:58","guid":{"rendered":"https:\/\/blog.alquilereslg.com\/?p=2580"},"modified":"2025-03-17T11:20:00","modified_gmt":"2025-03-17T11:20:00","slug":"voyager-a-calpe-preservez-et-profitez-de-ses-espaces-naturels","status":"publish","type":"post","link":"https:\/\/blog.alquilereslg.com\/fr\/voyager-a-calpe-preservez-et-profitez-de-ses-espaces-naturels\/","title":{"rendered":"Voyager \u00e0 Calpe : Pr\u00e9servez et Profitez de ses Espaces Naturels"},"content":{"rendered":"\n<p>Calpe, avec sa impressionnante vari\u00e9t\u00e9 d&rsquo;espaces naturels, n&rsquo;est pas seulement un paradis pour les touristes, mais aussi un exemple de la fa\u00e7on dont la conservation peut aller de pair avec le tourisme. Pour ceux qui aiment la nature et souhaitent visiter Calpe pendant leurs vacances, il est essentiel de conna\u00eetre les initiatives \u00e9cologiques et comment elles peuvent contribuer \u00e0 pr\u00e9server cet environnement magnifique.<\/p>\n\n\n\n<h4><strong>Initiatives Locales de Conservation<\/strong><\/h4>\n\n\n\n<ol><li><strong>Parc Naturel du Pe\u00f1\u00f3n de Ifach<\/strong> : Ce parc naturel embl\u00e9matique dispose de programmes de conservation qui prot\u00e8gent sa riche biodiversit\u00e9. Les visiteurs peuvent participer \u00e0 des visites guid\u00e9es qui enseignent la flore et la faune locales, ainsi que les efforts de conservation en cours. Le Pe\u00f1\u00f3n de Ifach abrite des esp\u00e8ces end\u00e9miques et sa g\u00e9ologie offre une fen\u00eatre sur l\u2019histoire naturelle de la r\u00e9gion.<\/li><li><strong>Salines de Calpe<\/strong> : Les salines sont une zone humide prot\u00e9g\u00e9e qui abrite une grande vari\u00e9t\u00e9 d&rsquo;oiseaux migrateurs. Des projets de restauration et de protection de l&rsquo;habitat sont r\u00e9guli\u00e8rement r\u00e9alis\u00e9s pour maintenir l&rsquo;\u00e9quilibre \u00e9cologique de cette zone. Les salines sont non seulement vitales pour la faune aviaire, mais jouent \u00e9galement un r\u00f4le cl\u00e9 dans la conservation du paysage naturel de Calpe.<\/li><li><strong>Sierra de Olt\u00e0 et Sierra de Toix<\/strong> : Ces montagnes offrent des sentiers de randonn\u00e9e et d&rsquo;escalade, et leurs programmes de conservation se concentrent sur la reforestation et la protection des esp\u00e8ces locales. Les touristes peuvent participer \u00e0 des activit\u00e9s de b\u00e9n\u00e9volat, comme la plantation d&rsquo;arbres et le nettoyage des sentiers. Ces initiatives aident non seulement \u00e0 pr\u00e9server l&rsquo;environnement naturel, mais favorisent \u00e9galement un sens de la communaut\u00e9 et de la responsabilit\u00e9 environnementale parmi les visiteurs.<\/li><\/ol>\n\n\n\n<h4><strong>Comment les Touristes Peuvent Contribuer<\/strong><\/h4>\n\n\n\n<ol><li><strong>Respecter l&rsquo;Environnement Naturel<\/strong> : Il est crucial de suivre les r\u00e8gles \u00e9tablies dans les parcs et r\u00e9serves naturelles, comme ne pas laisser de d\u00e9chets, ne pas d\u00e9ranger la faune et la flore, et rester sur les sentiers balis\u00e9s. Ces pratiques simples peuvent avoir un grand impact sur la pr\u00e9servation de l&rsquo;environnement naturel.<\/li><li><strong>Participer \u00e0 des Programmes de B\u00e9n\u00e9volat<\/strong> : De nombreuses organisations locales offrent des programmes de b\u00e9n\u00e9volat pour les touristes, leur permettant de contribuer activement \u00e0 la conservation de l&rsquo;environnement. Des activit\u00e9s telles que la reforestation et le nettoyage des plages sont des moyens efficaces de faire une diff\u00e9rence.<\/li><li><strong>Choisir des Options de Tourisme Durable<\/strong> : Opter pour des h\u00e9bergements \u00e9cologiques, utiliser les transports publics ou les v\u00e9los, et consommer des produits locaux sont des fa\u00e7ons de r\u00e9duire l&rsquo;impact environnemental pendant votre visite. Ces d\u00e9cisions aident \u00e0 minimiser l&#8217;empreinte \u00e9cologique et \u00e0 soutenir l&rsquo;\u00e9conomie locale.<\/li><li><strong>\u00c9ducation et Sensibilisation<\/strong> : Apprendre les efforts de conservation et diffuser cette information parmi les autres touristes peut augmenter la sensibilisation et le soutien \u00e0 la protection de l&rsquo;environnement. L&rsquo;\u00e9ducation est un outil puissant pour promouvoir un tourisme durable et responsable.<\/li><\/ol>\n\n\n\n<h4><strong>Projets de B\u00e9n\u00e9volat dans la Nature<\/strong><\/h4>\n\n\n\n<p>Calpe offre diverses opportunit\u00e9s pour que les visiteurs s&rsquo;impliquent dans la conservation de l&rsquo;environnement. De la reforestation dans la Sierra de Olt\u00e0 au nettoyage des plages et \u00e0 la protection des esp\u00e8ces dans les salines, il existe de nombreuses fa\u00e7ons dont les amoureux de la nature peuvent faire une diff\u00e9rence. Participer \u00e0 ces projets ne contribue pas seulement \u00e0 la conservation, mais enrichit \u00e9galement l&rsquo;exp\u00e9rience du visiteur.<\/p>\n\n\n\n<p><strong>Avantages de Louer un Appartement \u00e0 Calpe<\/strong><\/p>\n\n\n\n<p>Louer un appartement \u00e0 Calpe pr\u00e9sente de nombreux avantages, notamment pour ceux qui souhaitent explorer les espaces naturels.<\/p>\n\n\n\n<p><strong>Proximit\u00e9 des Espaces Naturels<\/strong><\/p>\n\n\n\n<p>Avoir un h\u00e9bergement proche permet de profiter au maximum des activit\u00e9s en plein air sans perdre de temps en d\u00e9placements longs. Cela facilite la planification des excursions et l&rsquo;appr\u00e9ciation des vues panoramiques.<\/p>\n\n\n\n<p><strong>Confort et Flexibilit\u00e9<\/strong><\/p>\n\n\n\n<p>Les appartements offrent le confort d&rsquo;un chez-soi et la flexibilit\u00e9 de pr\u00e9parer des repas et de planifier des excursions \u00e0 votre convenance. Cette option est id\u00e9ale pour les familles et les groupes d&rsquo;amis qui recherchent un s\u00e9jour confortable et flexible.<\/p>\n\n\n\n<p><strong>En r\u00e9sum\u00e9\u2026 Nous pourrions vous dire que :<\/strong><\/p>\n\n\n\n<p>Voyager \u00e0 Calpe n&rsquo;est pas seulement une occasion de profiter de ses paysages magnifiques, mais aussi de contribuer \u00e0 sa conservation. En participant \u00e0 des initiatives \u00e9cologiques et en adoptant des pratiques durables, les touristes peuvent aider \u00e0 garantir que ces espaces naturels restent intacts pour les g\u00e9n\u00e9rations futures. D\u00e9couvrez la beaut\u00e9 impressionnante et sans filtre de Calpe et prenez conscience de sa conservation.<\/p>\n\n\n\n<p>R\u00e9servez votre h\u00e9bergement avec Alquileres LG et vivez une exp\u00e9rience inoubliable en harmonie avec la nature.<\/p>\n","protected":false},"excerpt":{"rendered":"<p>Calpe, avec sa impressionnante vari\u00e9t\u00e9 d&rsquo;espaces naturels, n&rsquo;est pas seulement un paradis pour les touristes, mais aussi un exemple de&#8230;<\/p>\n","protected":false},"author":2,"featured_media":2360,"comment_status":"open","ping_status":"open","sticky":false,"template":"","format":"standard","meta":[],"categories":[140],"tags":[],"yoast_head":"<!-- This site is optimized with the Yoast SEO plugin v18.3 - https:\/\/yoast.com\/wordpress\/plugins\/seo\/ -->\n<title>Voyager \u00e0 Calpe : Pr\u00e9servez et Profitez de ses Espaces Naturels - Blog de location lg - Appartements et villas<\/title>\n<meta name=\"robots\" content=\"index, follow, max-snippet:-1, max-image-preview:large, max-video-preview:-1\" \/>\n<link rel=\"canonical\" href=\"https:\/\/blog.alquilereslg.com\/fr\/voyager-a-calpe-preservez-et-profitez-de-ses-espaces-naturels\/\" \/>\n<meta property=\"og:locale\" content=\"fr_FR\" \/>\n<meta property=\"og:type\" content=\"article\" \/>\n<meta property=\"og:title\" content=\"Voyager \u00e0 Calpe : Pr\u00e9servez et Profitez de ses Espaces Naturels - Blog de location lg - Appartements et villas\" \/>\n<meta property=\"og:description\" content=\"Calpe, avec sa impressionnante vari\u00e9t\u00e9 d&rsquo;espaces naturels, n&rsquo;est pas seulement un paradis pour les touristes, mais aussi un exemple de...\" \/>\n<meta property=\"og:url\" content=\"https:\/\/blog.alquilereslg.com\/fr\/voyager-a-calpe-preservez-et-profitez-de-ses-espaces-naturels\/\" \/>\n<meta property=\"og:site_name\" content=\"Blog de location lg - Appartements et villas\" \/>\n<meta property=\"article:published_time\" content=\"2025-03-17T11:19:58+00:00\" \/>\n<meta property=\"article:modified_time\" content=\"2025-03-17T11:20:00+00:00\" \/>\n<meta property=\"og:image\" content=\"https:\/\/blog.alquilereslg.com\/wp-content\/uploads\/2024\/07\/blogs-1-2.png\" \/>\n\t<meta property=\"og:image:width\" content=\"2240\" \/>\n\t<meta property=\"og:image:height\" content=\"1260\" \/>\n\t<meta property=\"og:image:type\" content=\"image\/png\" \/>\n<meta name=\"twitter:card\" content=\"summary_large_image\" \/>\n<meta name=\"twitter:label1\" content=\"\u00c9crit par\" \/>\n\t<meta name=\"twitter:data1\" content=\"alquilereslg\" \/>\n\t<meta name=\"twitter:label2\" content=\"Dur\u00e9e de lecture estim\u00e9e\" \/>\n\t<meta name=\"twitter:data2\" content=\"4 minutes\" \/>\n<script type=\"application\/ld+json\" class=\"yoast-schema-graph\">{\"@context\":\"https:\/\/schema.org\",\"@graph\":[{\"@type\":\"Organization\",\"@id\":\"https:\/\/blog.alquilereslg.com\/#organization\",\"name\":\"Alquileres LG\",\"url\":\"https:\/\/blog.alquilereslg.com\/\",\"sameAs\":[],\"logo\":{\"@type\":\"ImageObject\",\"@id\":\"https:\/\/blog.alquilereslg.com\/#logo\",\"inLanguage\":\"fr-FR\",\"url\":\"https:\/\/blog.alquilereslg.com\/wp-content\/uploads\/2020\/08\/logo.jpg\",\"contentUrl\":\"https:\/\/blog.alquilereslg.com\/wp-content\/uploads\/2020\/08\/logo.jpg\",\"width\":918,\"height\":179,\"caption\":\"Alquileres LG\"},\"image\":{\"@id\":\"https:\/\/blog.alquilereslg.com\/#logo\"}},{\"@type\":\"WebSite\",\"@id\":\"https:\/\/blog.alquilereslg.com\/#website\",\"url\":\"https:\/\/blog.alquilereslg.com\/\",\"name\":\"Blog de location lg - Appartements et villas\",\"description\":\"Nouvelles pour profiter de votre s\u00e9jour dans nos appartements et maisons de vacances\",\"publisher\":{\"@id\":\"https:\/\/blog.alquilereslg.com\/#organization\"},\"potentialAction\":[{\"@type\":\"SearchAction\",\"target\":{\"@type\":\"EntryPoint\",\"urlTemplate\":\"https:\/\/blog.alquilereslg.com\/?s={search_term_string}\"},\"query-input\":\"required name=search_term_string\"}],\"inLanguage\":\"fr-FR\"},{\"@type\":\"ImageObject\",\"@id\":\"https:\/\/blog.alquilereslg.com\/fr\/voyager-a-calpe-preservez-et-profitez-de-ses-espaces-naturels\/#primaryimage\",\"inLanguage\":\"fr-FR\",\"url\":\"https:\/\/blog.alquilereslg.com\/wp-content\/uploads\/2024\/07\/blogs-1-2.png\",\"contentUrl\":\"https:\/\/blog.alquilereslg.com\/wp-content\/uploads\/2024\/07\/blogs-1-2.png\",\"width\":2240,\"height\":1260,\"caption\":\"calpe senderismo\"},{\"@type\":[\"WebPage\",\"ItemPage\"],\"@id\":\"https:\/\/blog.alquilereslg.com\/fr\/voyager-a-calpe-preservez-et-profitez-de-ses-espaces-naturels\/#webpage\",\"url\":\"https:\/\/blog.alquilereslg.com\/fr\/voyager-a-calpe-preservez-et-profitez-de-ses-espaces-naturels\/\",\"name\":\"Voyager \u00e0 Calpe : Pr\u00e9servez et Profitez de ses Espaces Naturels - Blog de location lg - Appartements et villas\",\"isPartOf\":{\"@id\":\"https:\/\/blog.alquilereslg.com\/#website\"},\"primaryImageOfPage\":{\"@id\":\"https:\/\/blog.alquilereslg.com\/fr\/voyager-a-calpe-preservez-et-profitez-de-ses-espaces-naturels\/#primaryimage\"},\"datePublished\":\"2025-03-17T11:19:58+00:00\",\"dateModified\":\"2025-03-17T11:20:00+00:00\",\"breadcrumb\":{\"@id\":\"https:\/\/blog.alquilereslg.com\/fr\/voyager-a-calpe-preservez-et-profitez-de-ses-espaces-naturels\/#breadcrumb\"},\"inLanguage\":\"fr-FR\",\"potentialAction\":[{\"@type\":\"ReadAction\",\"target\":[\"https:\/\/blog.alquilereslg.com\/fr\/voyager-a-calpe-preservez-et-profitez-de-ses-espaces-naturels\/\"]}]},{\"@type\":\"BreadcrumbList\",\"@id\":\"https:\/\/blog.alquilereslg.com\/fr\/voyager-a-calpe-preservez-et-profitez-de-ses-espaces-naturels\/#breadcrumb\",\"itemListElement\":[{\"@type\":\"ListItem\",\"position\":1,\"name\":\"Portada\",\"item\":\"https:\/\/blog.alquilereslg.com\/fr\/\"},{\"@type\":\"ListItem\",\"position\":2,\"name\":\"Voyager \u00e0 Calpe : Pr\u00e9servez et Profitez de ses Espaces Naturels\"}]},{\"@type\":\"Article\",\"@id\":\"https:\/\/blog.alquilereslg.com\/fr\/voyager-a-calpe-preservez-et-profitez-de-ses-espaces-naturels\/#article\",\"isPartOf\":{\"@id\":\"https:\/\/blog.alquilereslg.com\/fr\/voyager-a-calpe-preservez-et-profitez-de-ses-espaces-naturels\/#webpage\"},\"author\":{\"@id\":\"https:\/\/blog.alquilereslg.com\/#\/schema\/person\/bb1579a56e638390be3a2f9054a722bd\"},\"headline\":\"Voyager \u00e0 Calpe : Pr\u00e9servez et Profitez de ses Espaces Naturels\",\"datePublished\":\"2025-03-17T11:19:58+00:00\",\"dateModified\":\"2025-03-17T11:20:00+00:00\",\"mainEntityOfPage\":{\"@id\":\"https:\/\/blog.alquilereslg.com\/fr\/voyager-a-calpe-preservez-et-profitez-de-ses-espaces-naturels\/#webpage\"},\"wordCount\":780,\"commentCount\":0,\"publisher\":{\"@id\":\"https:\/\/blog.alquilereslg.com\/#organization\"},\"image\":{\"@id\":\"https:\/\/blog.alquilereslg.com\/fr\/voyager-a-calpe-preservez-et-profitez-de-ses-espaces-naturels\/#primaryimage\"},\"thumbnailUrl\":\"https:\/\/blog.alquilereslg.com\/wp-content\/uploads\/2024\/07\/blogs-1-2.png\",\"articleSection\":[\"calpe\"],\"inLanguage\":\"fr-FR\",\"potentialAction\":[{\"@type\":\"CommentAction\",\"name\":\"Comment\",\"target\":[\"https:\/\/blog.alquilereslg.com\/fr\/voyager-a-calpe-preservez-et-profitez-de-ses-espaces-naturels\/#respond\"]}]},{\"@type\":\"Person\",\"@id\":\"https:\/\/blog.alquilereslg.com\/#\/schema\/person\/bb1579a56e638390be3a2f9054a722bd\",\"name\":\"alquilereslg\",\"image\":{\"@type\":\"ImageObject\",\"@id\":\"https:\/\/blog.alquilereslg.com\/#personlogo\",\"inLanguage\":\"fr-FR\",\"url\":\"https:\/\/secure.gravatar.com\/avatar\/7916667fc9eb6e53f12bddc670dafd72?s=96&d=mm&r=g\",\"contentUrl\":\"https:\/\/secure.gravatar.com\/avatar\/7916667fc9eb6e53f12bddc670dafd72?s=96&d=mm&r=g\",\"caption\":\"alquilereslg\"},\"url\":\"https:\/\/blog.alquilereslg.com\/fr\/author\/alquilereslg\/\"}]}<\/script>\n<!-- \/ Yoast SEO plugin. -->","yoast_head_json":{"title":"Voyager \u00e0 Calpe : Pr\u00e9servez et Profitez de ses Espaces Naturels - Blog de location lg - Appartements et villas","robots":{"index":"index","follow":"follow","max-snippet":"max-snippet:-1","max-image-preview":"max-image-preview:large","max-video-preview":"max-video-preview:-1"},"canonical":"https:\/\/blog.alquilereslg.com\/fr\/voyager-a-calpe-preservez-et-profitez-de-ses-espaces-naturels\/","og_locale":"fr_FR","og_type":"article","og_title":"Voyager \u00e0 Calpe : Pr\u00e9servez et Profitez de ses Espaces Naturels - Blog de location lg - Appartements et villas","og_description":"Calpe, avec sa impressionnante vari\u00e9t\u00e9 d&rsquo;espaces naturels, n&rsquo;est pas seulement un paradis pour les touristes, mais aussi un exemple de...","og_url":"https:\/\/blog.alquilereslg.com\/fr\/voyager-a-calpe-preservez-et-profitez-de-ses-espaces-naturels\/","og_site_name":"Blog de location lg - Appartements et villas","article_published_time":"2025-03-17T11:19:58+00:00","article_modified_time":"2025-03-17T11:20:00+00:00","og_image":[{"width":2240,"height":1260,"url":"https:\/\/blog.alquilereslg.com\/wp-content\/uploads\/2024\/07\/blogs-1-2.png","type":"image\/png"}],"twitter_card":"summary_large_image","twitter_misc":{"\u00c9crit par":"alquilereslg","Dur\u00e9e de lecture estim\u00e9e":"4 minutes"},"schema":{"@context":"https:\/\/schema.org","@graph":[{"@type":"Organization","@id":"https:\/\/blog.alquilereslg.com\/#organization","name":"Alquileres LG","url":"https:\/\/blog.alquilereslg.com\/","sameAs":[],"logo":{"@type":"ImageObject","@id":"https:\/\/blog.alquilereslg.com\/#logo","inLanguage":"fr-FR","url":"https:\/\/blog.alquilereslg.com\/wp-content\/uploads\/2020\/08\/logo.jpg","contentUrl":"https:\/\/blog.alquilereslg.com\/wp-content\/uploads\/2020\/08\/logo.jpg","width":918,"height":179,"caption":"Alquileres LG"},"image":{"@id":"https:\/\/blog.alquilereslg.com\/#logo"}},{"@type":"WebSite","@id":"https:\/\/blog.alquilereslg.com\/#website","url":"https:\/\/blog.alquilereslg.com\/","name":"Blog de location lg - Appartements et villas","description":"Nouvelles pour profiter de votre s\u00e9jour dans nos appartements et maisons de vacances","publisher":{"@id":"https:\/\/blog.alquilereslg.com\/#organization"},"potentialAction":[{"@type":"SearchAction","target":{"@type":"EntryPoint","urlTemplate":"https:\/\/blog.alquilereslg.com\/?s={search_term_string}"},"query-input":"required name=search_term_string"}],"inLanguage":"fr-FR"},{"@type":"ImageObject","@id":"https:\/\/blog.alquilereslg.com\/fr\/voyager-a-calpe-preservez-et-profitez-de-ses-espaces-naturels\/#primaryimage","inLanguage":"fr-FR","url":"https:\/\/blog.alquilereslg.com\/wp-content\/uploads\/2024\/07\/blogs-1-2.png","contentUrl":"https:\/\/blog.alquilereslg.com\/wp-content\/uploads\/2024\/07\/blogs-1-2.png","width":2240,"height":1260,"caption":"calpe senderismo"},{"@type":["WebPage","ItemPage"],"@id":"https:\/\/blog.alquilereslg.com\/fr\/voyager-a-calpe-preservez-et-profitez-de-ses-espaces-naturels\/#webpage","url":"https:\/\/blog.alquilereslg.com\/fr\/voyager-a-calpe-preservez-et-profitez-de-ses-espaces-naturels\/","name":"Voyager \u00e0 Calpe : Pr\u00e9servez et Profitez de ses Espaces Naturels - Blog de location lg - Appartements et villas","isPartOf":{"@id":"https:\/\/blog.alquilereslg.com\/#website"},"primaryImageOfPage":{"@id":"https:\/\/blog.alquilereslg.com\/fr\/voyager-a-calpe-preservez-et-profitez-de-ses-espaces-naturels\/#primaryimage"},"datePublished":"2025-03-17T11:19:58+00:00","dateModified":"2025-03-17T11:20:00+00:00","breadcrumb":{"@id":"https:\/\/blog.alquilereslg.com\/fr\/voyager-a-calpe-preservez-et-profitez-de-ses-espaces-naturels\/#breadcrumb"},"inLanguage":"fr-FR","potentialAction":[{"@type":"ReadAction","target":["https:\/\/blog.alquilereslg.com\/fr\/voyager-a-calpe-preservez-et-profitez-de-ses-espaces-naturels\/"]}]},{"@type":"BreadcrumbList","@id":"https:\/\/blog.alquilereslg.com\/fr\/voyager-a-calpe-preservez-et-profitez-de-ses-espaces-naturels\/#breadcrumb","itemListElement":[{"@type":"ListItem","position":1,"name":"Portada","item":"https:\/\/blog.alquilereslg.com\/fr\/"},{"@type":"ListItem","position":2,"name":"Voyager \u00e0 Calpe : Pr\u00e9servez et Profitez de ses Espaces Naturels"}]},{"@type":"Article","@id":"https:\/\/blog.alquilereslg.com\/fr\/voyager-a-calpe-preservez-et-profitez-de-ses-espaces-naturels\/#article","isPartOf":{"@id":"https:\/\/blog.alquilereslg.com\/fr\/voyager-a-calpe-preservez-et-profitez-de-ses-espaces-naturels\/#webpage"},"author":{"@id":"https:\/\/blog.alquilereslg.com\/#\/schema\/person\/bb1579a56e638390be3a2f9054a722bd"},"headline":"Voyager \u00e0 Calpe : Pr\u00e9servez et Profitez de ses Espaces Naturels","datePublished":"2025-03-17T11:19:58+00:00","dateModified":"2025-03-17T11:20:00+00:00","mainEntityOfPage":{"@id":"https:\/\/blog.alquilereslg.com\/fr\/voyager-a-calpe-preservez-et-profitez-de-ses-espaces-naturels\/#webpage"},"wordCount":780,"commentCount":0,"publisher":{"@id":"https:\/\/blog.alquilereslg.com\/#organization"},"image":{"@id":"https:\/\/blog.alquilereslg.com\/fr\/voyager-a-calpe-preservez-et-profitez-de-ses-espaces-naturels\/#primaryimage"},"thumbnailUrl":"https:\/\/blog.alquilereslg.com\/wp-content\/uploads\/2024\/07\/blogs-1-2.png","articleSection":["calpe"],"inLanguage":"fr-FR","potentialAction":[{"@type":"CommentAction","name":"Comment","target":["https:\/\/blog.alquilereslg.com\/fr\/voyager-a-calpe-preservez-et-profitez-de-ses-espaces-naturels\/#respond"]}]},{"@type":"Person","@id":"https:\/\/blog.alquilereslg.com\/#\/schema\/person\/bb1579a56e638390be3a2f9054a722bd","name":"alquilereslg","image":{"@type":"ImageObject","@id":"https:\/\/blog.alquilereslg.com\/#personlogo","inLanguage":"fr-FR","url":"https:\/\/secure.gravatar.com\/avatar\/7916667fc9eb6e53f12bddc670dafd72?s=96&d=mm&r=g","contentUrl":"https:\/\/secure.gravatar.com\/avatar\/7916667fc9eb6e53f12bddc670dafd72?s=96&d=mm&r=g","caption":"alquilereslg"},"url":"https:\/\/blog.alquilereslg.com\/fr\/author\/alquilereslg\/"}]}},"_links":{"self":[{"href":"https:\/\/blog.alquilereslg.com\/fr\/wp-json\/wp\/v2\/posts\/2580"}],"collection":[{"href":"https:\/\/blog.alquilereslg.com\/fr\/wp-json\/wp\/v2\/posts"}],"about":[{"href":"https:\/\/blog.alquilereslg.com\/fr\/wp-json\/wp\/v2\/types\/post"}],"author":[{"embeddable":true,"href":"https:\/\/blog.alquilereslg.com\/fr\/wp-json\/wp\/v2\/users\/2"}],"replies":[{"embeddable":true,"href":"https:\/\/blog.alquilereslg.com\/fr\/wp-json\/wp\/v2\/comments?post=2580"}],"version-history":[{"count":1,"href":"https:\/\/blog.alquilereslg.com\/fr\/wp-json\/wp\/v2\/posts\/2580\/revisions"}],"predecessor-version":[{"id":2584,"href":"https:\/\/blog.alquilereslg.com\/fr\/wp-json\/wp\/v2\/posts\/2580\/revisions\/2584"}],"wp:featuredmedia":[{"embeddable":true,"href":"https:\/\/blog.alquilereslg.com\/fr\/wp-json\/wp\/v2\/media\/2360"}],"wp:attachment":[{"href":"https:\/\/blog.alquilereslg.com\/fr\/wp-json\/wp\/v2\/media?parent=2580"}],"wp:term":[{"taxonomy":"category","embeddable":true,"href":"https:\/\/blog.alquilereslg.com\/fr\/wp-json\/wp\/v2\/categories?post=2580"},{"taxonomy":"post_tag","embeddable":true,"href":"https:\/\/blog.alquilereslg.com\/fr\/wp-json\/wp\/v2\/tags?post=2580"}],"curies":[{"name":"wp","href":"https:\/\/api.w.org\/{rel}","templated":true}]}}